{"id":9430,"date":"2021-07-01T21:02:04","date_gmt":"2021-07-02T00:02:04","guid":{"rendered":"https:\/\/portalnarede.com.br\/?p=9430"},"modified":"2021-07-01T21:02:04","modified_gmt":"2021-07-02T00:02:04","slug":"mouhamed-harfouch-mostra-cliques-ineditos-do-novo-refugio-em-meio-a-natureza-ao-lado-dos-filhos","status":"publish","type":"post","link":"https:\/\/portalr3.online\/index.php\/2021\/07\/01\/mouhamed-harfouch-mostra-cliques-ineditos-do-novo-refugio-em-meio-a-natureza-ao-lado-dos-filhos\/","title":{"rendered":"Mouhamed Harfouch mostra cliques in\u00e9ditos do novo ref\u00fagio em meio \u00e0 natureza ao lado dos filhos"},"content":{"rendered":"\n<p><\/p>\n\n\n\n<p>Com informa\u00e7\u00f5es: GShow \/ Foto: arquivo pessoal<\/p>\n\n\n\n<p><\/p>\n\n\n\n<p>Pouco antes da pandemia do coronav\u00edrus assolar o mundo, Mouhamed Harfouch j\u00e1 havia decidido trocar o apartamento por uma casa espa\u00e7osa, em meio ao verde, com o intuito de dar mais liberdade \u00e0 fam\u00edlia. &#8220;J\u00e1 est\u00e1vamos h\u00e1 10 meses com essa ideia, sem nunca imaginar a import\u00e2ncia desse conv\u00edvio com a natureza, que seria t\u00e3o vital pra gente.&#8221; Mas a mudan\u00e7a de fato s\u00f3 aconteceu em meados de 2020, quando ele e a esposa encararam aulas online e reforma, tudo ao mesmo tempo.<\/p>\n\n\n\n<p>&#8220;Nossa, uma gincana, n\u00e9? A realidade de todos que t\u00eam filho em casa e precisa conjugar rela\u00e7\u00e3o, home office, home schooling, lazer, tudo num ambiente s\u00f3&#8221;, complementou o ator.<\/p>\n\n\n\n<p>&#8220;Renovou a energia de todo mundo, ressignificou a casa n\u00e9, que ganhou um lugar mais amplo para as crian\u00e7as&#8221;, ressaltou.<\/p>\n\n\n\n<p>O ator compartilhou alguns cliques exclusivos ao lado dos pequenos Ana Flor, de 9 anos, e Bento, de quase 4, ap\u00f3s longos meses de confinamento na companhia da mulher e advogada Clarissa Eyer. Mouhamed Harfouch criou uma m\u00fasica para explicar a quarentena aos filhos e gravou clipe fofo ao lado da primog\u00eanita. Durante a pandemia, o artista interpretou o mon\u00f3logo online &#8220;Homem de Lata&#8221;, usando um dos quartos do seu antigo apartamento como cen\u00e1rio da pe\u00e7a.<\/p>\n\n\n\n<p>Ap\u00f3s uma participa\u00e7\u00e3o em Amor de M\u00e3e, o ator de 42 anos estar\u00e1 no elenco de Nos Tempos do Imperador, pr\u00f3xima novela das 6 escrita por Alessandro Marson e Thereza Falc\u00e3o. Na trama, ele contracenar\u00e1 com Gabriela Medvedovski. Os dois foram colegas de elenco de Malha\u00e7\u00e3o &#8211; Viva a Diferen\u00e7a e vibraram com o que vem por a\u00ed.<\/p>\n\n\n\n<p>&#8220;N\u00e3o deixa de ser engra\u00e7ado porque o B\u00f3ris era professor, mentor. (\u2026) At\u00e9 na composi\u00e7\u00e3o do personagem dei umas tintas mais velhas, de mais idade pra ele. Ele tinha uma coisa mais antiga, um pouco atrapalhada (\u2026). Dessas curiosidades que fazem da nossa profiss\u00e3o uma coisa maravilhosa, as mil e uma possibilidades (\u2026). Agora eu fa\u00e7o um personagem mais novo e ela faz uma mulher mais madura&#8221;.<\/p>\n\n\n\n<p>&#8220;Tem f\u00e3 que j\u00e1 mandou mensagem! Principalmente quem gostava da Lica (Manoela Aliperti), dizem que ela ficar\u00e1 com ci\u00fames. Escuto coisas assim&#8221;, acrescenta.<\/p>\n\n\n\n<p>Longe dos palcos, Mouhamed est\u00e1 com dois projetos pessoais como autor, paralelamente \u00e0 sua participa\u00e7\u00e3o na pr\u00f3xima novela das 6. E est\u00e1 se organizando para estrear a pe\u00e7a &#8220;Quando For M\u00e3e Quero Amar Desse Jeito&#8221; com Vera Fischer e Larissa Maciel, que foi adiada devido \u00e0 pandemia.<\/p>\n","protected":false},"excerpt":{"rendered":"<p>Com informa\u00e7\u00f5es: GShow \/ Foto: arquivo pessoal Pouco antes da pandemia do coronav\u00edrus assolar o mundo, Mouhamed Harfouch j\u00e1 havia<\/p>\n","protected":false},"author":1,"featured_media":9431,"comment_status":"open","ping_status":"open","sticky":false,"template":"","format":"standard","meta":{"colormag_page_container_layout":"default_layout","colormag_page_sidebar_layout":"default_layout","footnotes":""},"categories":[129],"tags":[246,214,766,767,768,177],"class_list":["post-9430","post","type-post","status-publish","format-standard","has-post-thumbnail","hentry","category-estilo","tag-ator","tag-familia","tag-liberdade","tag-mouhamed-harfouch","tag-mudanca","tag-pandemia"],"aioseo_notices":[],"_links":{"self":[{"href":"https:\/\/portalr3.online\/index.php\/wp-json\/wp\/v2\/posts\/9430","targetHints":{"allow":["GET"]}}],"collection":[{"href":"https:\/\/portalr3.online\/index.php\/wp-json\/wp\/v2\/posts"}],"about":[{"href":"https:\/\/portalr3.online\/index.php\/wp-json\/wp\/v2\/types\/post"}],"author":[{"embeddable":true,"href":"https:\/\/portalr3.online\/index.php\/wp-json\/wp\/v2\/users\/1"}],"replies":[{"embeddable":true,"href":"https:\/\/portalr3.online\/index.php\/wp-json\/wp\/v2\/comments?post=9430"}],"version-history":[{"count":0,"href":"https:\/\/portalr3.online\/index.php\/wp-json\/wp\/v2\/posts\/9430\/revisions"}],"wp:featuredmedia":[{"embeddable":true,"href":"https:\/\/portalr3.online\/index.php\/wp-json\/wp\/v2\/media\/9431"}],"wp:attachment":[{"href":"https:\/\/portalr3.online\/index.php\/wp-json\/wp\/v2\/media?parent=9430"}],"wp:term":[{"taxonomy":"category","embeddable":true,"href":"https:\/\/portalr3.online\/index.php\/wp-json\/wp\/v2\/categories?post=9430"},{"taxonomy":"post_tag","embeddable":true,"href":"https:\/\/portalr3.online\/index.php\/wp-json\/wp\/v2\/tags?post=9430"}],"curies":[{"name":"wp","href":"https:\/\/api.w.org\/{rel}","templated":true}]}}