{"id":9424,"date":"2021-07-01T20:28:56","date_gmt":"2021-07-01T23:28:56","guid":{"rendered":"https:\/\/portalnarede.com.br\/?p=9424"},"modified":"2021-07-01T20:28:56","modified_gmt":"2021-07-01T23:28:56","slug":"gil-do-vigor-estreia-quadro-ta-lascado-no-mais-voce","status":"publish","type":"post","link":"https:\/\/portalr3.online\/index.php\/2021\/07\/01\/gil-do-vigor-estreia-quadro-ta-lascado-no-mais-voce\/","title":{"rendered":"Gil do Vigor estreia quadro &#8216;T\u00e1 Lascado!&#8217; no &#8216;Mais Voc\u00ea&#8217;"},"content":{"rendered":"\n<p><\/p>\n\n\n\n<p>Com informa\u00e7\u00f5es: GShow \/ Foto: Mauricio Fidalgo\/Globo<\/p>\n\n\n\n<p><\/p>\n\n\n\n<p>Tem novidade no Mais Voc\u00ea! A partir da pr\u00f3xima quinta-feira, dia 8, Gil do Vigor estreia o quadro T\u00e1 Lascado no programa. O ex-BBB Gilberto Nogueira vai tirar d\u00favidas do p\u00fablico sobre economia. Todo o bom humor, o conhecimento e a linguagem divertida e acess\u00edvel de Gilberto ser\u00e3o usados para falar sobre assuntos que afetam o bolso dos brasileiros, com conselhos e dicas vigorosas.<\/p>\n\n\n\n<p>&#8220;Eu acho que as pessoas querem ouvir e aprender. A maioria pensa que economia e finan\u00e7as \u00e9 algo imposs\u00edvel de entender, de ter na pr\u00e1tica, mas n\u00e3o \u00e9. Como economista, eu vou dar algumas dicas b\u00e1sicas e de um jeitinho simples&#8221;, adianta Gil.<\/p>\n\n\n\n<p>O quadro ser\u00e1 exibido semanalmente e vai falar sobre temas do atual cen\u00e1rio econ\u00f4mico do Brasil. Gil participa do programa em parceria com Ana Maria Braga, mesmo depois de sua mudan\u00e7a para os Estados Unidos, onde dar\u00e1 in\u00edcio ao PhD. A partir da\u00ed, ele passar\u00e1 a participar do matinal direto da Calif\u00f3rnia.<\/p>\n\n\n\n<p>Ana Maria Braga comemora a chegada de Gil \u00e0 atra\u00e7\u00e3o:<\/p>\n\n\n\n<p>&#8220;O Mais Voc\u00ea \u00e9 um programa de presta\u00e7\u00e3o de servi\u00e7o, mas tamb\u00e9m de entretenimento. Um dos assuntos importantes no contexto do programa \u00e9 &#8216;dinheiro no bolso&#8217;. E como o Gil \u00e9 economista, poder\u00e1 falar desses temas do jeito dele, leve e divertido, mas levando informa\u00e7\u00e3o importante para as fam\u00edlias. Vai ser um &#8216;regozijo&#8217; t\u00ea-lo no programa&#8221;, celebra a apresentadora, que garante ao p\u00fablico a oportunidade de ver um lado diferente do Gil que todo mundo conhece.<\/p>\n\n\n\n<p>&#8220;Mas, tenho certeza, ele n\u00e3o vai deixar de soltar a &#8216;cachorrada&#8217; quando for preciso diante de tanta gente \u201clascada\u201d nesse nosso pa\u00eds&#8221;, acrescenta.<\/p>\n\n\n\n<p>Gil do Vigor tamb\u00e9m n\u00e3o esconde a alegria com a estreia no quadro, que promete muita informa\u00e7\u00e3o \u00fatil para quem assiste ao Mais Voc\u00ea.<\/p>\n\n\n\n<p>&#8220;Vai ser uma parceria muito leve com a Ana Maria, num quadro super legal. Estou confiante de que ela vai me dar essa for\u00e7a. Eu amo demais essa mulher e estou muito feliz&#8221;, vibra ele, que ainda conta como pretende contribuir com seu conhecimento.<\/p>\n","protected":false},"excerpt":{"rendered":"<p>Com informa\u00e7\u00f5es: GShow \/ Foto: Mauricio Fidalgo\/Globo Tem novidade no Mais Voc\u00ea! A partir da pr\u00f3xima quinta-feira, dia 8, Gil<\/p>\n","protected":false},"author":1,"featured_media":9425,"comment_status":"open","ping_status":"open","sticky":false,"template":"","format":"standard","meta":{"colormag_page_container_layout":"default_layout","colormag_page_sidebar_layout":"default_layout","footnotes":""},"categories":[129],"tags":[762,763,457,130,764,488],"class_list":["post-9424","post","type-post","status-publish","format-standard","has-post-thumbnail","hentry","category-estilo","tag-ana-maria-braga","tag-economia","tag-ex-bbb-2","tag-gil-do-vigor","tag-mais-voce","tag-rede-globo"],"aioseo_notices":[],"_links":{"self":[{"href":"https:\/\/portalr3.online\/index.php\/wp-json\/wp\/v2\/posts\/9424","targetHints":{"allow":["GET"]}}],"collection":[{"href":"https:\/\/portalr3.online\/index.php\/wp-json\/wp\/v2\/posts"}],"about":[{"href":"https:\/\/portalr3.online\/index.php\/wp-json\/wp\/v2\/types\/post"}],"author":[{"embeddable":true,"href":"https:\/\/portalr3.online\/index.php\/wp-json\/wp\/v2\/users\/1"}],"replies":[{"embeddable":true,"href":"https:\/\/portalr3.online\/index.php\/wp-json\/wp\/v2\/comments?post=9424"}],"version-history":[{"count":0,"href":"https:\/\/portalr3.online\/index.php\/wp-json\/wp\/v2\/posts\/9424\/revisions"}],"wp:featuredmedia":[{"embeddable":true,"href":"https:\/\/portalr3.online\/index.php\/wp-json\/wp\/v2\/media\/9425"}],"wp:attachment":[{"href":"https:\/\/portalr3.online\/index.php\/wp-json\/wp\/v2\/media?parent=9424"}],"wp:term":[{"taxonomy":"category","embeddable":true,"href":"https:\/\/portalr3.online\/index.php\/wp-json\/wp\/v2\/categories?post=9424"},{"taxonomy":"post_tag","embeddable":true,"href":"https:\/\/portalr3.online\/index.php\/wp-json\/wp\/v2\/tags?post=9424"}],"curies":[{"name":"wp","href":"https:\/\/api.w.org\/{rel}","templated":true}]}}