{"id":9418,"date":"2021-07-01T17:38:05","date_gmt":"2021-07-01T20:38:05","guid":{"rendered":"https:\/\/portalnarede.com.br\/?p=9418"},"modified":"2021-07-01T17:38:05","modified_gmt":"2021-07-01T20:38:05","slug":"fiscais-notificam-comerciantes-por-maus-tratos-contra-animais-no-mercado-da-producao","status":"publish","type":"post","link":"https:\/\/portalr3.online\/index.php\/2021\/07\/01\/fiscais-notificam-comerciantes-por-maus-tratos-contra-animais-no-mercado-da-producao\/","title":{"rendered":"Fiscais notificam comerciantes por maus-tratos contra animais no Mercado da Produ\u00e7\u00e3o"},"content":{"rendered":"\n<p><em>*Com informa\u00e7\u00f5es: assessoria <\/em><\/p>\n\n\n\n<p>Uma s\u00e9rie de den\u00fancias com relatos de maus-tratos no Mercado da Produ\u00e7\u00e3o, na Levada, resultaram em uma a\u00e7\u00e3o da Vigil\u00e2ncia Sanit\u00e1ria de Macei\u00f3, na manh\u00e3 desta quinta-feira (1\u00ba), que notificou quatro estabelecimentos. A fiscaliza\u00e7\u00e3o contou com t\u00e9cnicos da Visa de Macei\u00f3 e Secretaria Municipal do Trabalho, Abastecimento e Economia Solid\u00e1ria, al\u00e9m de guardas municipais.<\/p>\n\n\n\n<p>A Visa notificou os ambulantes que mantinham h\u00e1 anos caprinos e aves em condi\u00e7\u00f5es degradantes de higiene e sob maus-tratos. Os fiscais estipularam um prazo de 72 horas para que os respons\u00e1veis retirem os animais do local, sob pena de o caso ser encaminhado \u00e0s autoridades policiais.<\/p>\n\n\n\n<p>De acordo com a fiscaliza\u00e7\u00e3o, os animais s\u00e3o mantidos em um espa\u00e7o totalmente insalubre. Todos estavam sobre a cisterna que abastece o mercado, em um local com grande fluxo de p\u00fablico, pr\u00f3ximo \u00e0s barracas de hortifrutigranjeiros, bares e restaurantes.<\/p>\n\n\n\n<p>O coordenador-geral da Vigil\u00e2ncia Sanit\u00e1ria de Macei\u00f3, Jos\u00e9 Airton dos Santos, contou que as cabras e as aves s\u00e3o mantidas em condi\u00e7\u00f5es de maus-tratos e que apresentam risco sanit\u00e1rio. Ele diz que os relatos s\u00e3o in\u00fameros de que boa parte dos bichos morre de fome e de sede.<\/p>\n","protected":false},"excerpt":{"rendered":"<p>*Com informa\u00e7\u00f5es: assessoria Uma s\u00e9rie de den\u00fancias com relatos de maus-tratos no Mercado da Produ\u00e7\u00e3o, na Levada, resultaram em uma<\/p>\n","protected":false},"author":1,"featured_media":9419,"comment_status":"open","ping_status":"open","sticky":false,"template":"","format":"standard","meta":{"colormag_page_container_layout":"default_layout","colormag_page_sidebar_layout":"default_layout","footnotes":""},"categories":[10],"tags":[580,756],"class_list":["post-9418","post","type-post","status-publish","format-standard","has-post-thumbnail","hentry","category-noticias","tag-fiscalizacao","tag-mercado-da-producao"],"aioseo_notices":[],"_links":{"self":[{"href":"https:\/\/portalr3.online\/index.php\/wp-json\/wp\/v2\/posts\/9418","targetHints":{"allow":["GET"]}}],"collection":[{"href":"https:\/\/portalr3.online\/index.php\/wp-json\/wp\/v2\/posts"}],"about":[{"href":"https:\/\/portalr3.online\/index.php\/wp-json\/wp\/v2\/types\/post"}],"author":[{"embeddable":true,"href":"https:\/\/portalr3.online\/index.php\/wp-json\/wp\/v2\/users\/1"}],"replies":[{"embeddable":true,"href":"https:\/\/portalr3.online\/index.php\/wp-json\/wp\/v2\/comments?post=9418"}],"version-history":[{"count":0,"href":"https:\/\/portalr3.online\/index.php\/wp-json\/wp\/v2\/posts\/9418\/revisions"}],"wp:featuredmedia":[{"embeddable":true,"href":"https:\/\/portalr3.online\/index.php\/wp-json\/wp\/v2\/media\/9419"}],"wp:attachment":[{"href":"https:\/\/portalr3.online\/index.php\/wp-json\/wp\/v2\/media?parent=9418"}],"wp:term":[{"taxonomy":"category","embeddable":true,"href":"https:\/\/portalr3.online\/index.php\/wp-json\/wp\/v2\/categories?post=9418"},{"taxonomy":"post_tag","embeddable":true,"href":"https:\/\/portalr3.online\/index.php\/wp-json\/wp\/v2\/tags?post=9418"}],"curies":[{"name":"wp","href":"https:\/\/api.w.org\/{rel}","templated":true}]}}