{"id":9413,"date":"2021-07-01T17:32:29","date_gmt":"2021-07-01T20:32:29","guid":{"rendered":"https:\/\/portalnarede.com.br\/?p=9413"},"modified":"2021-07-01T17:32:29","modified_gmt":"2021-07-01T20:32:29","slug":"reajuste-no-valor-das-passagens-de-trens-urbanos-entra-em-vigor-a-partir-deste-sabado-3","status":"publish","type":"post","link":"https:\/\/portalr3.online\/index.php\/2021\/07\/01\/reajuste-no-valor-das-passagens-de-trens-urbanos-entra-em-vigor-a-partir-deste-sabado-3\/","title":{"rendered":"Reajuste no valor das passagens de trens urbanos entra em vigor a partir deste s\u00e1bado (3)"},"content":{"rendered":"\n<p><em>*Gabriel Teixeira &#8211; estagi\u00e1rio sob supervis\u00e3o<br>*Imagem: assessoria<\/em> <\/p>\n\n\n\n<p>Devido \u00e0 pandemia, o reajuste na tarifa das passagens de trens urbanos que seria realizado em mar\u00e7o foi adiado para o m\u00eas de julho. A partir deste s\u00e1bado (3), o valor da passagem ser\u00e1 de R$2,50.<\/p>\n\n\n\n<p>A assessoria de comunica\u00e7\u00e3o da CBTU ressalta que tentou evitar ao m\u00e1ximo um grande impacto para seus usu\u00e1rios, mas por se tratar de uma Empresa P\u00fablica Federal subvencionada pelo Tesouro Nacional, n\u00e3o seria poss\u00edvel deixar de ajustar suas tarifas ap\u00f3s dois anos da aprova\u00e7\u00e3o de seu \u00faltimo aumento, afim de impedir que fossem repetidas pol\u00edticas passadas de congelamento tarif\u00e1rio, e que tanto oneraram os contribuintes e prejudicaram a qualidade dos servi\u00e7os oferecidos, por terem sufocado financeiramente a Companhia e restringido sua capacidade de investimentos.<\/p>\n\n\n\n<p><\/p>\n","protected":false},"excerpt":{"rendered":"<p>*Gabriel Teixeira &#8211; estagi\u00e1rio sob supervis\u00e3o*Imagem: assessoria Devido \u00e0 pandemia, o reajuste na tarifa das passagens de trens urbanos que<\/p>\n","protected":false},"author":1,"featured_media":9415,"comment_status":"open","ping_status":"open","sticky":false,"template":"","format":"standard","meta":{"colormag_page_container_layout":"default_layout","colormag_page_sidebar_layout":"default_layout","footnotes":""},"categories":[10],"tags":[754,755],"class_list":["post-9413","post","type-post","status-publish","format-standard","has-post-thumbnail","hentry","category-noticias","tag-cbtu","tag-reajuste-tarifario"],"aioseo_notices":[],"_links":{"self":[{"href":"https:\/\/portalr3.online\/index.php\/wp-json\/wp\/v2\/posts\/9413","targetHints":{"allow":["GET"]}}],"collection":[{"href":"https:\/\/portalr3.online\/index.php\/wp-json\/wp\/v2\/posts"}],"about":[{"href":"https:\/\/portalr3.online\/index.php\/wp-json\/wp\/v2\/types\/post"}],"author":[{"embeddable":true,"href":"https:\/\/portalr3.online\/index.php\/wp-json\/wp\/v2\/users\/1"}],"replies":[{"embeddable":true,"href":"https:\/\/portalr3.online\/index.php\/wp-json\/wp\/v2\/comments?post=9413"}],"version-history":[{"count":0,"href":"https:\/\/portalr3.online\/index.php\/wp-json\/wp\/v2\/posts\/9413\/revisions"}],"wp:featuredmedia":[{"embeddable":true,"href":"https:\/\/portalr3.online\/index.php\/wp-json\/wp\/v2\/media\/9415"}],"wp:attachment":[{"href":"https:\/\/portalr3.online\/index.php\/wp-json\/wp\/v2\/media?parent=9413"}],"wp:term":[{"taxonomy":"category","embeddable":true,"href":"https:\/\/portalr3.online\/index.php\/wp-json\/wp\/v2\/categories?post=9413"},{"taxonomy":"post_tag","embeddable":true,"href":"https:\/\/portalr3.online\/index.php\/wp-json\/wp\/v2\/tags?post=9413"}],"curies":[{"name":"wp","href":"https:\/\/api.w.org\/{rel}","templated":true}]}}