{"id":9383,"date":"2021-07-01T10:19:39","date_gmt":"2021-07-01T13:19:39","guid":{"rendered":"https:\/\/portalnarede.com.br\/?p=9383"},"modified":"2021-07-01T10:19:39","modified_gmt":"2021-07-01T13:19:39","slug":"onibus-da-vacina-esta-estacionado-no-rosane-collor-nesta-quinta-feira-1","status":"publish","type":"post","link":"https:\/\/portalr3.online\/index.php\/2021\/07\/01\/onibus-da-vacina-esta-estacionado-no-rosane-collor-nesta-quinta-feira-1\/","title":{"rendered":"\u00d4nibus da Vacina est\u00e1 estacionado no Rosane Collor nesta quinta-feira (1)"},"content":{"rendered":"\n<p><em>Imagem: Edvan Ferreira Secom<\/em><\/p>\n\n\n\n<p><em>*Jo\u00e3o Pedro Magnani &#8211; estagi\u00e1rio sob supervis\u00e3o<\/em><\/p>\n\n\n\n<p>O \u00f4nibus da vacina est\u00e1, nesta quinta-feira (01), estacionado pr\u00f3ximo ao terminal de \u00f4nibus do Rosane Collor, parte alta de Macei\u00f3. Atualmente, ele \u00e9 o \u00fanico local que est\u00e3o sendo aplicados os imunizantes contra a Covid-19 sem a necessidade do agendamento.<\/p>\n\n\n\n<p>A unidade m\u00f3vel, que j\u00e1 distribuiu cerca de 5 mil doses de vacinas contra o Coronav\u00edrus, atende por ordem de chegada e com distribui\u00e7\u00e3o de senhas.<\/p>\n\n\n\n<p>De acordo com a Secretaria Municipal de Sa\u00fade, em m\u00e9dia, a unidade m\u00f3vel aplica 300 doses por dia. O \u00f4nibus, at\u00e9 o momento, passou por 15 bairros da capital alagoana e tem a expectativa de atingir mais 14 at\u00e9 o dia 7 de julho.<\/p>\n\n\n\n<p>Macei\u00f3 foi o primeiro munic\u00edpio brasileiro a contar com o \u00d4nibus da Vacina. No Nordeste, a unidade m\u00f3vel ainda passar\u00e1 por Natal, Fortaleza e S\u00e3o Lu\u00eds.<\/p>\n","protected":false},"excerpt":{"rendered":"<p>Imagem: Edvan Ferreira Secom *Jo\u00e3o Pedro Magnani &#8211; estagi\u00e1rio sob supervis\u00e3o O \u00f4nibus da vacina est\u00e1, nesta quinta-feira (01), estacionado<\/p>\n","protected":false},"author":1,"featured_media":9385,"comment_status":"open","ping_status":"open","sticky":false,"template":"","format":"standard","meta":{"colormag_page_container_layout":"default_layout","colormag_page_sidebar_layout":"default_layout","footnotes":""},"categories":[10],"tags":[82,267,37,734,735],"class_list":["post-9383","post","type-post","status-publish","format-standard","has-post-thumbnail","hentry","category-noticias","tag-covid-19","tag-imunizacao","tag-maceio","tag-onibus-da-vacina","tag-vacina-covid"],"aioseo_notices":[],"_links":{"self":[{"href":"https:\/\/portalr3.online\/index.php\/wp-json\/wp\/v2\/posts\/9383","targetHints":{"allow":["GET"]}}],"collection":[{"href":"https:\/\/portalr3.online\/index.php\/wp-json\/wp\/v2\/posts"}],"about":[{"href":"https:\/\/portalr3.online\/index.php\/wp-json\/wp\/v2\/types\/post"}],"author":[{"embeddable":true,"href":"https:\/\/portalr3.online\/index.php\/wp-json\/wp\/v2\/users\/1"}],"replies":[{"embeddable":true,"href":"https:\/\/portalr3.online\/index.php\/wp-json\/wp\/v2\/comments?post=9383"}],"version-history":[{"count":0,"href":"https:\/\/portalr3.online\/index.php\/wp-json\/wp\/v2\/posts\/9383\/revisions"}],"wp:featuredmedia":[{"embeddable":true,"href":"https:\/\/portalr3.online\/index.php\/wp-json\/wp\/v2\/media\/9385"}],"wp:attachment":[{"href":"https:\/\/portalr3.online\/index.php\/wp-json\/wp\/v2\/media?parent=9383"}],"wp:term":[{"taxonomy":"category","embeddable":true,"href":"https:\/\/portalr3.online\/index.php\/wp-json\/wp\/v2\/categories?post=9383"},{"taxonomy":"post_tag","embeddable":true,"href":"https:\/\/portalr3.online\/index.php\/wp-json\/wp\/v2\/tags?post=9383"}],"curies":[{"name":"wp","href":"https:\/\/api.w.org\/{rel}","templated":true}]}}