{"id":9378,"date":"2021-07-01T09:49:42","date_gmt":"2021-07-01T12:49:42","guid":{"rendered":"https:\/\/portalnarede.com.br\/?p=9378"},"modified":"2021-07-01T09:49:42","modified_gmt":"2021-07-01T12:49:42","slug":"prefeitura-de-maceio-inicia-distribuicao-de-kits-alimentacao-para-53-mil-alunos-de-maceio","status":"publish","type":"post","link":"https:\/\/portalr3.online\/index.php\/2021\/07\/01\/prefeitura-de-maceio-inicia-distribuicao-de-kits-alimentacao-para-53-mil-alunos-de-maceio\/","title":{"rendered":"Prefeitura de Macei\u00f3 inicia distribui\u00e7\u00e3o de Kits Alimenta\u00e7\u00e3o para 53 mil alunos do munic\u00edpio"},"content":{"rendered":"\n<p><em>*Com informa\u00e7\u00f5es SECOM<\/em><\/p>\n\n\n\n<p>A Prefeitura de Macei\u00f3 iniciou, nessa quarta-feira (30), a distribui\u00e7\u00e3o de kits de alimenta\u00e7\u00e3o aos estudantes da Escola Municipal Zumbi dos Palmares, no Clima Bom. O in\u00edcio da a\u00e7\u00e3o, que contemplar\u00e1 143 escolas do munic\u00edpio, contou com a participa\u00e7\u00e3o do prefeito da capital alagoana, JHC.<\/p>\n\n\n\n<p>\u201cEssa \u00e9 uma medida muito importante num momento de pandemia que n\u00f3s estamos vivendo, e em que as pessoas est\u00e3o precisando muito, para a gente trazer o refor\u00e7o nutricional que essas fam\u00edlias e os estudantes precisam\u201d, explicou, JHC.<\/p>\n\n\n\n<p>Segundo a Secretaria Municipal de Educa\u00e7\u00e3o, os kits possuem: arroz, fub\u00e1, feij\u00e3o, biscoito salgado e doce, sardinha e macarr\u00e3o.<\/p>\n\n\n\n<figure class=\"wp-block-image size-large\"><img loading=\"lazy\" decoding=\"async\" width=\"1024\" height=\"683\" src=\"https:\/\/portalnarede.com.br\/wp-content\/uploads\/2021\/07\/prefeito-kit-alimentac\u0327a\u0303o-edvan6-imagem-SECOM.jpg\" alt=\"\" class=\"wp-image-9380\" srcset=\"https:\/\/portalr3.online\/wp-content\/uploads\/2021\/07\/prefeito-kit-alimentac\u0327a\u0303o-edvan6-imagem-SECOM.jpg 1024w, https:\/\/portalr3.online\/wp-content\/uploads\/2021\/07\/prefeito-kit-alimentac\u0327a\u0303o-edvan6-imagem-SECOM-300x200.jpg 300w, https:\/\/portalr3.online\/wp-content\/uploads\/2021\/07\/prefeito-kit-alimentac\u0327a\u0303o-edvan6-imagem-SECOM-768x512.jpg 768w\" sizes=\"auto, (max-width: 1024px) 100vw, 1024px\" \/><\/figure>\n\n\n\n<p>O secret\u00e1rio municipal de Educa\u00e7\u00e3o, Elder Maia, ressaltou a import\u00e2ncia da distribui\u00e7\u00e3o dos kits de alimenta\u00e7\u00e3o, \u201cAs fam\u00edlias est\u00e3o passando por muitas dificuldades. A pandemia agravou as desigualdades educacionais e sociais. Vamos distribuir para toda a nossa rede, que \u00e9 muito extensa\u201d.<\/p>\n\n\n\n<p>A entrega dos alimentos atingir\u00e1 toda a rede escolar do munic\u00edpio. Esta \u00e9 a segunda entrega de kits. A primeira ocorreu no in\u00edcio do ano.<\/p>\n","protected":false},"excerpt":{"rendered":"<p>*Com informa\u00e7\u00f5es SECOM A Prefeitura de Macei\u00f3 iniciou, nessa quarta-feira (30), a distribui\u00e7\u00e3o de kits de alimenta\u00e7\u00e3o aos estudantes da<\/p>\n","protected":false},"author":1,"featured_media":9379,"comment_status":"open","ping_status":"open","sticky":false,"template":"","format":"standard","meta":{"colormag_page_container_layout":"default_layout","colormag_page_sidebar_layout":"default_layout","footnotes":""},"categories":[10],"tags":[319,140,730,37,141,731,732,733],"class_list":["post-9378","post","type-post","status-publish","format-standard","has-post-thumbnail","hentry","category-noticias","tag-educacao","tag-jhc","tag-kits-alimentacao","tag-maceio","tag-prefeitura-de-maceio","tag-prefeitura-maceio","tag-secom","tag-secretaria-de-educacao"],"aioseo_notices":[],"_links":{"self":[{"href":"https:\/\/portalr3.online\/index.php\/wp-json\/wp\/v2\/posts\/9378","targetHints":{"allow":["GET"]}}],"collection":[{"href":"https:\/\/portalr3.online\/index.php\/wp-json\/wp\/v2\/posts"}],"about":[{"href":"https:\/\/portalr3.online\/index.php\/wp-json\/wp\/v2\/types\/post"}],"author":[{"embeddable":true,"href":"https:\/\/portalr3.online\/index.php\/wp-json\/wp\/v2\/users\/1"}],"replies":[{"embeddable":true,"href":"https:\/\/portalr3.online\/index.php\/wp-json\/wp\/v2\/comments?post=9378"}],"version-history":[{"count":0,"href":"https:\/\/portalr3.online\/index.php\/wp-json\/wp\/v2\/posts\/9378\/revisions"}],"wp:featuredmedia":[{"embeddable":true,"href":"https:\/\/portalr3.online\/index.php\/wp-json\/wp\/v2\/media\/9379"}],"wp:attachment":[{"href":"https:\/\/portalr3.online\/index.php\/wp-json\/wp\/v2\/media?parent=9378"}],"wp:term":[{"taxonomy":"category","embeddable":true,"href":"https:\/\/portalr3.online\/index.php\/wp-json\/wp\/v2\/categories?post=9378"},{"taxonomy":"post_tag","embeddable":true,"href":"https:\/\/portalr3.online\/index.php\/wp-json\/wp\/v2\/tags?post=9378"}],"curies":[{"name":"wp","href":"https:\/\/api.w.org\/{rel}","templated":true}]}}