{"id":91,"date":"2021-03-27T10:54:36","date_gmt":"2021-03-27T13:54:36","guid":{"rendered":"https:\/\/noticiasnomundo.online\/?p=91"},"modified":"2021-03-27T10:54:36","modified_gmt":"2021-03-27T13:54:36","slug":"forcas-de-seguranca-matam-mais-de-60-manifestantes-contrarios-ao-golpe-militar-em-mianmar","status":"publish","type":"post","link":"https:\/\/portalr3.online\/index.php\/2021\/03\/27\/forcas-de-seguranca-matam-mais-de-60-manifestantes-contrarios-ao-golpe-militar-em-mianmar\/","title":{"rendered":"For\u00e7as de seguran\u00e7a matam mais de 60 manifestantes contr\u00e1rios ao golpe militar em Mianmar"},"content":{"rendered":"\n<p>Mais de 320 pessoas foram mortas na repress\u00e3o aos protestos desde que os militares tomaram o poder em fevereiro.<\/p>\n\n\n\n<p>As for\u00e7as de seguran\u00e7a de Mianmar abriram novamente fogo contra manifestantes que criticavam o recente Golpe de Estado no pa\u00eds, deixando ao menos 64 mortos, segundo testemunhas e not\u00edcias de ve\u00edculos locais. O massacre ocorreu enquanto l\u00edderes da deposi\u00e7\u00e3o celebravam o Dia das For\u00e7as Armadas.<\/p>\n\n\n\n<p>O l\u00edder golpista, Min Aung Hlaing, disse nesse s\u00e1bado (27\/3) em discurso transmitido em cadeia nacional que iria &#8220;proteger a democracia&#8221;. Ele prometeu a realiza\u00e7\u00e3o de elei\u00e7\u00f5es, mas n\u00e3o estabeleceu um calend\u00e1rio para que isso ocorra.<\/p>\n\n\n\n<p>Mais de 320 pessoas foram mortas na repress\u00e3o aos protestos desde que os militares tomaram o poder em fevereiro.<\/p>\n\n\n\n<p>Nesta sexta (26\/3), a TV estatal de Mianmar emitiu um alerta em uma transmiss\u00e3o nacional afirmando que as pessoas &#8220;deveriam aprender com a trag\u00e9dia de mortes horr\u00edveis que ocorreram que voc\u00ea (manifestante) corre o risco de levar um tiro na cabe\u00e7a e nas costas&#8221;.<\/p>\n\n\n\n<p>O l\u00edder golpista, Min Aung Hlaing, disse nesse s\u00e1bado (27\/3) em discurso transmitido em cadeia nacional que iria &#8220;proteger a democracia&#8221;. Ele prometeu a realiza\u00e7\u00e3o de elei\u00e7\u00f5es, mas n\u00e3o estabeleceu um calend\u00e1rio para que isso ocorra.<\/p>\n\n\n\n<p>Mais de 320 pessoas foram mortas na repress\u00e3o aos protestos desde que os militares tomaram o poder em fevereiro.<\/p>\n\n\n\n<p>Na Sexta (26\/3), a TV estatal de Mianmar emitiu um alerta em uma transmiss\u00e3o nacional afirmando que as pessoas &#8220;deveriam aprender com a trag\u00e9dia de mortes horr\u00edveis que ocorreram que voc\u00ea (manifestante) corre o risco de levar um tiro na cabe\u00e7a e nas costas&#8221;.<\/p>\n\n\n\n<p>Um jornalista disse \u00e0 ag\u00eancia de not\u00edcias AFP ter visto a pol\u00edcia usar muni\u00e7\u00e3o de verdade contra manifestantes na cidade de Lashio, no nordeste do pa\u00eds. H\u00e1 relatos de um beb\u00ea de um ano atingido no olho por uma bala de borracha.<\/p>\n\n\n\n<p>Sasa, porta-voz do grupo anti-junta militar CRPH, disse \u00e0 Reuters: &#8220;Hoje \u00e9 um dia de vergonha para as For\u00e7as Armadas. Os generais militares est\u00e3o comemorando o Dia das For\u00e7as Armadas depois de terem matado mais de 300 civis inocentes&#8221;.<\/p>\n\n\n\n<p>Em meio ao avan\u00e7o da viol\u00eancia, um dos 20 grupos \u00e9tnicos armados de Mianmar, a Uni\u00e3o Nacional Karen, afirmou ter invadido um posto do Ex\u00e9rcito perto da fronteira com a Tail\u00e2ndia, matando 10 pessoas.<\/p>\n\n\n\n<p>As fac\u00e7\u00f5es armadas \u00e9tnicas de Mianmar dizem que n\u00e3o ficar\u00e3o paradas em meio ao golpe e que n\u00e3o permitir\u00e3o mais mortes de manifestantes, disse neste s\u00e1bado o l\u00edder de um dos principais grupos armados.<\/p>\n\n\n\n<p>O governo tamb\u00e9m tem cortado o acesso \u00e0 internet, censurado ve\u00edculos de comunica\u00e7\u00e3o e bloqueado redes sociais para tentar conter os protestos contra o golpe, que tem ganhado for\u00e7a entre estudantes, funcion\u00e1rios p\u00fablicos, sindicatos e categorias profissionais organizadas.<\/p>\n","protected":false},"excerpt":{"rendered":"<p>Mais de 320 pessoas foram mortas na repress\u00e3o aos protestos desde que os militares tomaram o poder em fevereiro. As<\/p>\n","protected":false},"author":1,"featured_media":92,"comment_status":"open","ping_status":"open","sticky":false,"template":"","format":"standard","meta":{"colormag_page_container_layout":"default_layout","colormag_page_sidebar_layout":"default_layout","footnotes":""},"categories":[13],"tags":[],"class_list":["post-91","post","type-post","status-publish","format-standard","has-post-thumbnail","hentry","category-asia"],"aioseo_notices":[],"_links":{"self":[{"href":"https:\/\/portalr3.online\/index.php\/wp-json\/wp\/v2\/posts\/91","targetHints":{"allow":["GET"]}}],"collection":[{"href":"https:\/\/portalr3.online\/index.php\/wp-json\/wp\/v2\/posts"}],"about":[{"href":"https:\/\/portalr3.online\/index.php\/wp-json\/wp\/v2\/types\/post"}],"author":[{"embeddable":true,"href":"https:\/\/portalr3.online\/index.php\/wp-json\/wp\/v2\/users\/1"}],"replies":[{"embeddable":true,"href":"https:\/\/portalr3.online\/index.php\/wp-json\/wp\/v2\/comments?post=91"}],"version-history":[{"count":0,"href":"https:\/\/portalr3.online\/index.php\/wp-json\/wp\/v2\/posts\/91\/revisions"}],"wp:featuredmedia":[{"embeddable":true,"href":"https:\/\/portalr3.online\/index.php\/wp-json\/wp\/v2\/media\/92"}],"wp:attachment":[{"href":"https:\/\/portalr3.online\/index.php\/wp-json\/wp\/v2\/media?parent=91"}],"wp:term":[{"taxonomy":"category","embeddable":true,"href":"https:\/\/portalr3.online\/index.php\/wp-json\/wp\/v2\/categories?post=91"},{"taxonomy":"post_tag","embeddable":true,"href":"https:\/\/portalr3.online\/index.php\/wp-json\/wp\/v2\/tags?post=91"}],"curies":[{"name":"wp","href":"https:\/\/api.w.org\/{rel}","templated":true}]}}