{"id":85,"date":"2021-03-27T10:45:08","date_gmt":"2021-03-27T13:45:08","guid":{"rendered":"https:\/\/noticiasnomundo.online\/?p=85"},"modified":"2021-03-27T10:45:08","modified_gmt":"2021-03-27T13:45:08","slug":"homem-nu-em-estatua-de-praca-no-rio","status":"publish","type":"post","link":"https:\/\/portalr3.online\/index.php\/2021\/03\/27\/homem-nu-em-estatua-de-praca-no-rio\/","title":{"rendered":"Homem nu em est\u00e1tua de pra\u00e7a no Rio"},"content":{"rendered":"\n<p>O que leva um homem a subir nu em uma est\u00e1tua a sete metros do ch\u00e3o? Loucura? Insensatez? Arte! Essa \u00e9 a resposta de\u00a0<strong>Chico Fernandes<\/strong>, de 37 anos, para ter escalado o\u00a0monumento dedicado ao General Os\u00f3rio, na Pra\u00e7a XV,\u00a0no Centro do Rio, no \u00faltimo dia 17.<\/p>\n\n\n\n<p>No local, ele fez uma performance em que dizia que s\u00f3 deixaria a est\u00e1tua&nbsp;depois que todos fossem vacinados contra a Covid.&nbsp;Acabou retirado do local por agentes do programa Centro Presente e levado para a&nbsp;<strong>4\u00aa DP, na Central do Brasil<\/strong>, onde assinou um termo circunstanciado por atentado ao pudor. A performance viralizou nas redes sociais.<\/p>\n\n\n\n<p>Mas nada disso \u00e9 novidade na vida de Chico. Artista perform\u00e1tico dedicado a usar o pr\u00f3prio corpo nu desde 2017, ele procura fazer&nbsp;interven\u00e7\u00f5es art\u00edsticas no contexto urbano para gerar algum tipo de reflex\u00e3o cr\u00edtica.<\/p>\n\n\n\n<blockquote class=\"wp-block-quote is-layout-flow wp-block-quote-is-layout-flow\"><p>\u201cSe eu estivesse em um museu, atingiria apenas um p\u00fablico elitizado que iria l\u00e1 para ver isso. Nas ruas atinjo mais gente e produzo todo tipo de reflex\u00e3o: riso, raiva, inc\u00f4modo\u201d, diz ele que conta com a ajuda do pai, o tamb\u00e9m artista Silvio Aguiar, de 68 anos, e de fot\u00f3grafos que registram o trabalho.<\/p><\/blockquote>\n\n\n\n<p>Entre as interven\u00e7\u00f5es j\u00e1 realizadas, Chico&nbsp;<strong>banhou-se na sa\u00edda de esgoto do Rio Faria Timb\u00f3<\/strong>, em Inha\u00fama, saiu nu do mar do Leblon usando m\u00e1scara e riscou cruzes de mortos da pandemia sob os fogos de artif\u00edcios do Complexo do Alem\u00e3o durante o \u00faltimo Ano Novo.<\/p>\n\n\n\n<blockquote class=\"wp-block-quote is-layout-flow wp-block-quote-is-layout-flow\"><p>\u201cO que choca mais: um homem nu usando m\u00e1scara durante a pandemia ou um banhista de sunga, mas sem o EPI na praia?\u201d, provoca.<\/p><\/blockquote>\n\n\n\n<p>A inspira\u00e7\u00e3o para o trabalho do &#8220;<strong>Pelad\u00e3o da Pra\u00e7a XV&#8221;<\/strong>&nbsp;ou do &#8220;<strong>Maluco da est\u00e1tua&#8221;<\/strong>&nbsp;\u2013 apelidos dados ao \u00faltimo trabalho \u2013 vem de Aimber\u00ea Cesar, artista perform\u00e1tico que morreu em 2016, e passa ainda pelos estudos realizados em seu doutorado sobre processos art\u00edsticos contempor\u00e2neos, sob supervis\u00e3o de&nbsp;<strong>Ricardo Basbaum<\/strong>&nbsp;\u2013 renomado artista e cr\u00edtico de arte.<\/p>\n\n\n\n<p>Chico tamb\u00e9m j\u00e1 deu aula de arte no Rio e em Porto Alegre, de onde vem parte de sua fam\u00edlia, mas deixou as salas de aulas para se dedicar ao doutorado.<\/p>\n\n\n\n<blockquote class=\"wp-block-quote is-layout-flow wp-block-quote-is-layout-flow\"><p>&#8220;N\u00e3o tem nada de loucura ali. Tudo \u00e9 pensado. Desde a postura que n\u00e3o exiba o meu falo e n\u00e3o choque as pessoas, as palavras ditas e o desvio do contato visual direto com o outro para n\u00e3o gerar nenhum tipo de lasc\u00edvia&#8221;, disse.<\/p><\/blockquote>\n\n\n\n<p>Ele lembra uma nota do Minist\u00e9rio P\u00fablico Federal, de 2017, pontuando que &#8220;a nudez de uma pessoa adulta, sem pr\u00e1tica de ato p\u00fablico voltado \u00e0 satisfa\u00e7\u00e3o da lasc\u00edvia, n\u00e3o constitui crime no direito brasileiro&#8221;.<\/p>\n\n\n\n<p>Chico conta, ainda, que com a nudez no cen\u00e1rio urbano espera &#8220;algum tipo de reflex\u00e3o das pessoas&#8221; e que o filho dele, de 6 anos, &#8220;tenha orgulho&#8221;.<\/p>\n\n\n\n<p>Ele acrescentou que n\u00e3o se importa em arriscar o pr\u00f3prio corpo, desde que isso resulte em arte.<\/p>\n","protected":false},"excerpt":{"rendered":"<p>O que leva um homem a subir nu em uma est\u00e1tua a sete metros do ch\u00e3o? Loucura? Insensatez? Arte! Essa<\/p>\n","protected":false},"author":1,"featured_media":86,"comment_status":"open","ping_status":"open","sticky":false,"template":"","format":"standard","meta":{"colormag_page_container_layout":"default_layout","colormag_page_sidebar_layout":"default_layout","footnotes":""},"categories":[12],"tags":[],"class_list":["post-85","post","type-post","status-publish","format-standard","has-post-thumbnail","hentry","category-noticias-brasil"],"aioseo_notices":[],"_links":{"self":[{"href":"https:\/\/portalr3.online\/index.php\/wp-json\/wp\/v2\/posts\/85","targetHints":{"allow":["GET"]}}],"collection":[{"href":"https:\/\/portalr3.online\/index.php\/wp-json\/wp\/v2\/posts"}],"about":[{"href":"https:\/\/portalr3.online\/index.php\/wp-json\/wp\/v2\/types\/post"}],"author":[{"embeddable":true,"href":"https:\/\/portalr3.online\/index.php\/wp-json\/wp\/v2\/users\/1"}],"replies":[{"embeddable":true,"href":"https:\/\/portalr3.online\/index.php\/wp-json\/wp\/v2\/comments?post=85"}],"version-history":[{"count":0,"href":"https:\/\/portalr3.online\/index.php\/wp-json\/wp\/v2\/posts\/85\/revisions"}],"wp:featuredmedia":[{"embeddable":true,"href":"https:\/\/portalr3.online\/index.php\/wp-json\/wp\/v2\/media\/86"}],"wp:attachment":[{"href":"https:\/\/portalr3.online\/index.php\/wp-json\/wp\/v2\/media?parent=85"}],"wp:term":[{"taxonomy":"category","embeddable":true,"href":"https:\/\/portalr3.online\/index.php\/wp-json\/wp\/v2\/categories?post=85"},{"taxonomy":"post_tag","embeddable":true,"href":"https:\/\/portalr3.online\/index.php\/wp-json\/wp\/v2\/tags?post=85"}],"curies":[{"name":"wp","href":"https:\/\/api.w.org\/{rel}","templated":true}]}}