{"id":833,"date":"2021-05-12T17:54:37","date_gmt":"2021-05-12T20:54:37","guid":{"rendered":"https:\/\/noticiasdodia.online\/?p=833"},"modified":"2021-05-12T17:54:37","modified_gmt":"2021-05-12T20:54:37","slug":"justica-arquiva-investigacao-contra-felipe-neto-por-ter-chamado-bolsonaro-de-genocida","status":"publish","type":"post","link":"https:\/\/portalr3.online\/index.php\/2021\/05\/12\/justica-arquiva-investigacao-contra-felipe-neto-por-ter-chamado-bolsonaro-de-genocida\/","title":{"rendered":"Justi\u00e7a arquiva investiga\u00e7\u00e3o contra Felipe Neto por ter chamado Bolsonaro de genocida"},"content":{"rendered":"\n<p>Em mar\u00e7o, Justi\u00e7a j\u00e1 havia determinado a suspens\u00e3o da investiga\u00e7\u00e3o atrav\u00e9s de uma liminar. Felipe Neto comentou a decis\u00e3o: &#8216;Desde o in\u00edcio ficou claro que o objetivo era apenas me intimidar, me silenciar&#8217;.<\/p>\n\n\n\n<figure class=\"wp-block-image\"><img decoding=\"async\" src=\"https:\/\/s2.glbimg.com\/0plwGqHc2vIY1mXLtM7Mh1rkwvg=\/0x0:1700x1000\/1008x0\/smart\/filters:strip_icc()\/i.s3.glbimg.com\/v1\/AUTH_59edd422c0c84a879bd37670ae4f538a\/internal_photos\/bs\/2020\/E\/h\/jc5AFCTJq5Q32BpTmtBw\/bolsonaro-felipeneto.jpg\" alt=\"Bolsonaro e Felipe Neto: justi\u00e7a determina arquivamento de investiga\u00e7\u00e3o por crime contra a honra \u2014 Foto: Montagem\/G1\"\/><\/figure>\n\n\n\n<p>Bolsonaro e Felipe Neto: justi\u00e7a determina arquivamento de investiga\u00e7\u00e3o por crime contra a honra<\/p>\n\n\n\n<p>A Justi\u00e7a do Rio determinou o arquivamento da investiga\u00e7\u00e3o contra o youtuber e influenciador Felipe Neto por ter chamado o presidente Jair Bolsonaro de genocida.<\/p>\n\n\n\n<p>Em nota ao<strong>&nbsp;G1<\/strong>, Felipe Neto comentou a decis\u00e3o:<\/p>\n\n\n\n<blockquote class=\"wp-block-quote is-layout-flow wp-block-quote-is-layout-flow\"><p>\u201cA decis\u00e3o proferida hoje pelo Tribunal de Justi\u00e7a do Rio de Janeiro restabelece, ainda que depois de muito desgaste, a verdade e a justi\u00e7a. Desde o in\u00edcio ficou claro que o objetivo era apenas me intimidar, me silenciar. \u00c9 um esc\u00e2ndalo que esse absurdo esteja acontecendo no Brasil. O Poder Judici\u00e1rio felizmente vem agindo contra a persegui\u00e7\u00e3o pol\u00edtico-ideol\u00f3gica que muitas pessoas est\u00e3o sofrendo\u201d.<\/p><cite>Decis\u00e3o do caso<br><br>Em sua decis\u00e3o, a ju\u00edza Gisele Guida Faria, da 38\u00aa Vara Criminal, afirma:<br>&#8220;A conduta do paciente expressou, apenas, \u00e1cida cr\u00edtica ao Presidente da Rep\u00fablica, sem objetivar ou colocar em risco o Estado ou suas institui\u00e7\u00f5es.&#8221;<br>No texto, ela determinou o trancamento da a\u00e7\u00e3o e explicou que, como a investiga\u00e7\u00e3o n\u00e3o foi feita a pedida do Minist\u00e9rio da Justi\u00e7a, n\u00e3o cabe o inqu\u00e9rito por crime contra a honra do presidente Jair Bolsonaro.<br><br>\u201cPor tudo que foi exposto, concedo a ordem para determinar o trancamento da VPI n\u00ba 218-00320\/2021\u201d<\/cite><\/blockquote>\n","protected":false},"excerpt":{"rendered":"<p>Em mar\u00e7o, Justi\u00e7a j\u00e1 havia determinado a suspens\u00e3o da investiga\u00e7\u00e3o atrav\u00e9s de uma liminar. Felipe Neto comentou a decis\u00e3o: &#8216;Desde<\/p>\n","protected":false},"author":1,"featured_media":834,"comment_status":"open","ping_status":"open","sticky":false,"template":"","format":"standard","meta":{"colormag_page_container_layout":"default_layout","colormag_page_sidebar_layout":"default_layout","footnotes":""},"categories":[407],"tags":[],"class_list":["post-833","post","type-post","status-publish","format-standard","has-post-thumbnail","hentry","category-rio-de-janeiro"],"aioseo_notices":[],"_links":{"self":[{"href":"https:\/\/portalr3.online\/index.php\/wp-json\/wp\/v2\/posts\/833","targetHints":{"allow":["GET"]}}],"collection":[{"href":"https:\/\/portalr3.online\/index.php\/wp-json\/wp\/v2\/posts"}],"about":[{"href":"https:\/\/portalr3.online\/index.php\/wp-json\/wp\/v2\/types\/post"}],"author":[{"embeddable":true,"href":"https:\/\/portalr3.online\/index.php\/wp-json\/wp\/v2\/users\/1"}],"replies":[{"embeddable":true,"href":"https:\/\/portalr3.online\/index.php\/wp-json\/wp\/v2\/comments?post=833"}],"version-history":[{"count":0,"href":"https:\/\/portalr3.online\/index.php\/wp-json\/wp\/v2\/posts\/833\/revisions"}],"wp:featuredmedia":[{"embeddable":true,"href":"https:\/\/portalr3.online\/index.php\/wp-json\/wp\/v2\/media\/834"}],"wp:attachment":[{"href":"https:\/\/portalr3.online\/index.php\/wp-json\/wp\/v2\/media?parent=833"}],"wp:term":[{"taxonomy":"category","embeddable":true,"href":"https:\/\/portalr3.online\/index.php\/wp-json\/wp\/v2\/categories?post=833"},{"taxonomy":"post_tag","embeddable":true,"href":"https:\/\/portalr3.online\/index.php\/wp-json\/wp\/v2\/tags?post=833"}],"curies":[{"name":"wp","href":"https:\/\/api.w.org\/{rel}","templated":true}]}}