{"id":826,"date":"2021-05-12T17:50:22","date_gmt":"2021-05-12T20:50:22","guid":{"rendered":"https:\/\/noticiasdodia.online\/?p=826"},"modified":"2021-05-12T17:50:22","modified_gmt":"2021-05-12T20:50:22","slug":"cpi-diz-que-carta-da-pfizer-mostra-que-governo-foi-incompetente-e-nao-priorizou-vacinas","status":"publish","type":"post","link":"https:\/\/portalr3.online\/index.php\/2021\/05\/12\/cpi-diz-que-carta-da-pfizer-mostra-que-governo-foi-incompetente-e-nao-priorizou-vacinas\/","title":{"rendered":"CPI diz que carta da Pfizer mostra que governo foi incompetente e n\u00e3o priorizou vacinas"},"content":{"rendered":"\n<p>&#8220;A carta da Pfizer, que ele entregou, mostrou como o governo foi incompetente. O presidente Bolsonaro e os ministros Braga Netto, Paulo Guedes e Eduardo Pazuello n\u00e3o responderam \u00e0 carta, mostrando a incompet\u00eancia e a falta de prioridade na compra de vacinas&#8221;, disse ao\u00a0<strong>blog\u00a0<\/strong>o presidente da CPI da Covid, senador Omar Aziz (PSD-AP).<\/p>\n\n\n\n<p>O vice-presidente da CPI, senador Randolfe Rodrigues (Rede-AP), diz que Wajngarten, ao responder sobre a carta, deixou claro como o governo foi &#8220;omisso&#8221; e &#8220;falhou&#8221; na compra de vacinas.<\/p>\n\n\n\n<p>&#8220;Eles ficaram quase dois meses sem responder \u00e0 carta. E a compra s\u00f3 veio a ocorrer neste ano, depois que o Congresso, por nossa iniciativa, aprovou um projeto dando seguran\u00e7a jur\u00eddica para a aquisi\u00e7\u00e3o das vacinas&#8221;, afirma Randolfe Rodrigues.<\/p>\n\n\n\n<p>Wajngarten relata que a carta foi enviada \u00e0 c\u00fapula do governo brasileiro em 12 de setembro. Ele afirma que tomou conhecimento da carta no dia 9 de novembro, por meio do dono de um ve\u00edculo de comunica\u00e7\u00e3o. E, no mesmo dia, falou com o presidente do documento, durante reuni\u00e3o no gabinete de Bolsonaro, na presen\u00e7a do ministro Paulo Guedes. Na ocasi\u00e3o, o ministro da Economia falou ao telefone com um dirigente do laborat\u00f3rio.<\/p>\n\n\n\n<p><strong>Veja carta da Pfizer ao governo brasileiro<\/strong>\u00a0citada pelo ex-secret\u00e1rio de Comunica\u00e7\u00e3o da Presid\u00eancia Fabio Wajngarten na CPI:<\/p>\n\n\n\n<figure class=\"wp-block-image\"><img decoding=\"async\" src=\"https:\/\/s2.glbimg.com\/vlEQ3MeWhLeLF0f5oknz-hxhNRg=\/0x0:984x1315\/984x0\/smart\/filters:strip_icc()\/i.s3.glbimg.com\/v1\/AUTH_59edd422c0c84a879bd37670ae4f538a\/internal_photos\/bs\/2021\/m\/0\/qFSbMOQte0Ewn7klP8hA\/carta-branco.png\" alt=\"Primeira p\u00e1gina da carta enviada pela Pfizer ao governo brasileiro \u2014 Foto: Reprodu\u00e7\u00e3o\"\/><\/figure>\n\n\n\n<p>Primeira p\u00e1gina da carta enviada pela Pfizer ao governo brasileiro<\/p>\n\n\n\n<figure class=\"wp-block-image is-resized\"><img loading=\"lazy\" decoding=\"async\" src=\"https:\/\/s2.glbimg.com\/GE20J2v7p10mvuG165puSdFWSmA=\/0x0:958x1280\/984x0\/smart\/filters:strip_icc()\/i.s3.glbimg.com\/v1\/AUTH_59edd422c0c84a879bd37670ae4f538a\/internal_photos\/bs\/2021\/Q\/g\/TfXLK9Q8KxWVTOGctO2A\/whatsapp-image-2021-05-12-at-14.40.41.jpeg\" alt=\"P\u00e1gina final da carta da Pfizer enviada ao governo brasileiro, de acordo com Wajngarten  \u2014 Foto: Reprodu\u00e7\u00e3o\" width=\"840\" height=\"1122\"\/><\/figure>\n","protected":false},"excerpt":{"rendered":"<p>&#8220;A carta da Pfizer, que ele entregou, mostrou como o governo foi incompetente. O presidente Bolsonaro e os ministros Braga<\/p>\n","protected":false},"author":1,"featured_media":827,"comment_status":"open","ping_status":"open","sticky":false,"template":"","format":"standard","meta":{"colormag_page_container_layout":"default_layout","colormag_page_sidebar_layout":"default_layout","footnotes":""},"categories":[25],"tags":[],"class_list":["post-826","post","type-post","status-publish","format-standard","has-post-thumbnail","hentry","category-vacina"],"aioseo_notices":[],"_links":{"self":[{"href":"https:\/\/portalr3.online\/index.php\/wp-json\/wp\/v2\/posts\/826","targetHints":{"allow":["GET"]}}],"collection":[{"href":"https:\/\/portalr3.online\/index.php\/wp-json\/wp\/v2\/posts"}],"about":[{"href":"https:\/\/portalr3.online\/index.php\/wp-json\/wp\/v2\/types\/post"}],"author":[{"embeddable":true,"href":"https:\/\/portalr3.online\/index.php\/wp-json\/wp\/v2\/users\/1"}],"replies":[{"embeddable":true,"href":"https:\/\/portalr3.online\/index.php\/wp-json\/wp\/v2\/comments?post=826"}],"version-history":[{"count":0,"href":"https:\/\/portalr3.online\/index.php\/wp-json\/wp\/v2\/posts\/826\/revisions"}],"wp:featuredmedia":[{"embeddable":true,"href":"https:\/\/portalr3.online\/index.php\/wp-json\/wp\/v2\/media\/827"}],"wp:attachment":[{"href":"https:\/\/portalr3.online\/index.php\/wp-json\/wp\/v2\/media?parent=826"}],"wp:term":[{"taxonomy":"category","embeddable":true,"href":"https:\/\/portalr3.online\/index.php\/wp-json\/wp\/v2\/categories?post=826"},{"taxonomy":"post_tag","embeddable":true,"href":"https:\/\/portalr3.online\/index.php\/wp-json\/wp\/v2\/tags?post=826"}],"curies":[{"name":"wp","href":"https:\/\/api.w.org\/{rel}","templated":true}]}}