{"id":817,"date":"2021-05-10T12:16:33","date_gmt":"2021-05-10T15:16:33","guid":{"rendered":"https:\/\/noticiasdodia.online\/?p=817"},"modified":"2021-05-10T12:16:33","modified_gmt":"2021-05-10T15:16:33","slug":"aviao-com-destino-a-brasilia-faz-pouso-de-emergencia-em-aeroporto-do-rj-apos-problema-tecnico","status":"publish","type":"post","link":"https:\/\/portalr3.online\/index.php\/2021\/05\/10\/aviao-com-destino-a-brasilia-faz-pouso-de-emergencia-em-aeroporto-do-rj-apos-problema-tecnico\/","title":{"rendered":"Avi\u00e3o com destino a Bras\u00edlia faz pouso de emerg\u00eancia em aeroporto do RJ ap\u00f3s problema t\u00e9cnico"},"content":{"rendered":"\n<p>Aeronave da Azul decolou \u00e0s 7h desta segunda-feira (10) e precisou pousar trinta minutos depois, no Gale\u00e3o. Passageiros foram remanejados para outro voo; ningu\u00e9m se feriu.<\/p>\n\n\n\n<p>Um avi\u00e3o que\u00a0decolou do Rio de Janeiro com destino a Bras\u00edlia, na manh\u00e3 desta segunda-feira (10), fez um pouso de emerg\u00eancia no (Gale\u00e3o), \u00e0s 7h30. A companhia a\u00e9rea Azul informou que houve &#8220;problemas t\u00e9cnicos&#8221;. Ningu\u00e9m se feriu.<\/p>\n\n\n\n<p>&#8220;A companhia ressalta que o pouso e o desembarque ocorrem normalmente e que o voo refor\u00e7o para o destino est\u00e1 previsto para as 11h&#8221;, informou a empresa a\u00e9rea.<\/p>\n\n\n\n<p>&#8220;A Azul lamenta eventuais aborrecimentos causados, destaca que presta toda a assist\u00eancia necess\u00e1ria conforme previsto na resolu\u00e7\u00e3o 400 da Anac e refor\u00e7a que a\u00e7\u00f5es como essa s\u00e3o necess\u00e1rias para garantir a seguran\u00e7a de suas opera\u00e7\u00f5es&#8221;, diz trecho do comunicado.<\/p>\n\n\n\n<p>Ap\u00f3s o incidente, equipes do aeroporto foram acionadas e acompanharam o desembarque dos passageiros no Rio de Janeiro. O avi\u00e3o ficou retido para manuten\u00e7\u00e3o, no RJ, e o voo de refor\u00e7o deve chegar em Bras\u00edlia \u00e0s 12h40 desta segunda-feira (10).<\/p>\n\n\n\n<p>O&nbsp;<strong>G1&nbsp;<\/strong>questionou, mas a Azul n\u00e3o deu detalhes sobre o n\u00famero de pessoas que estavam na aeronave.<\/p>\n","protected":false},"excerpt":{"rendered":"<p>Aeronave da Azul decolou \u00e0s 7h desta segunda-feira (10) e precisou pousar trinta minutos depois, no Gale\u00e3o. Passageiros foram remanejados<\/p>\n","protected":false},"author":1,"featured_media":818,"comment_status":"open","ping_status":"open","sticky":false,"template":"","format":"standard","meta":{"colormag_page_container_layout":"default_layout","colormag_page_sidebar_layout":"default_layout","footnotes":""},"categories":[411],"tags":[],"class_list":["post-817","post","type-post","status-publish","format-standard","has-post-thumbnail","hentry","category-distrito-federal"],"aioseo_notices":[],"_links":{"self":[{"href":"https:\/\/portalr3.online\/index.php\/wp-json\/wp\/v2\/posts\/817","targetHints":{"allow":["GET"]}}],"collection":[{"href":"https:\/\/portalr3.online\/index.php\/wp-json\/wp\/v2\/posts"}],"about":[{"href":"https:\/\/portalr3.online\/index.php\/wp-json\/wp\/v2\/types\/post"}],"author":[{"embeddable":true,"href":"https:\/\/portalr3.online\/index.php\/wp-json\/wp\/v2\/users\/1"}],"replies":[{"embeddable":true,"href":"https:\/\/portalr3.online\/index.php\/wp-json\/wp\/v2\/comments?post=817"}],"version-history":[{"count":0,"href":"https:\/\/portalr3.online\/index.php\/wp-json\/wp\/v2\/posts\/817\/revisions"}],"wp:featuredmedia":[{"embeddable":true,"href":"https:\/\/portalr3.online\/index.php\/wp-json\/wp\/v2\/media\/818"}],"wp:attachment":[{"href":"https:\/\/portalr3.online\/index.php\/wp-json\/wp\/v2\/media?parent=817"}],"wp:term":[{"taxonomy":"category","embeddable":true,"href":"https:\/\/portalr3.online\/index.php\/wp-json\/wp\/v2\/categories?post=817"},{"taxonomy":"post_tag","embeddable":true,"href":"https:\/\/portalr3.online\/index.php\/wp-json\/wp\/v2\/tags?post=817"}],"curies":[{"name":"wp","href":"https:\/\/api.w.org\/{rel}","templated":true}]}}