{"id":807,"date":"2021-05-10T12:09:52","date_gmt":"2021-05-10T15:09:52","guid":{"rendered":"https:\/\/noticiasdodia.online\/?p=807"},"modified":"2021-05-10T12:09:52","modified_gmt":"2021-05-10T15:09:52","slug":"justica-concede-liminar-para-que-estudante-que-fez-homeschooling-consiga-se-matricular-na-usp","status":"publish","type":"post","link":"https:\/\/portalr3.online\/index.php\/2021\/05\/10\/justica-concede-liminar-para-que-estudante-que-fez-homeschooling-consiga-se-matricular-na-usp\/","title":{"rendered":"Justi\u00e7a concede liminar para que estudante que fez &#8216;homeschooling&#8217; consiga se matricular na USP"},"content":{"rendered":"\n<p>Decis\u00e3o expedida na sexta-feira (7) cabe recurso. Elisa de Oliveira Flemer, de 17 anos, conquistou o 5\u00ba lugar no curso de engenharia civil da Escola Polit\u00e9cnica da USP por meio do Sisu, mas havia sido proibida pela Justi\u00e7a de cursar faculdade por ter feito &#8216;homeschooling&#8217;.<\/p>\n\n\n\n<p>O Tribunal de Justi\u00e7a de S\u00e3o Paulo concedeu uma liminar para que a estudante Elisa de oliveira flemer, consiga fazer matricula no curso de engenharia civil.<\/p>\n\n\n\n<p>O pedido de liminar para que ela consiga fazer a matr\u00edcula foi protocolado no dia 28 de abril, na Vara da Inf\u00e2ncia e Juventude do F\u00f3rum Regional de Pinheiros, da Comarca de S\u00e3o Paulo.<\/p>\n\n\n\n<p>De acordo com o documento, o juiz Randolfo Ferraz de Campos determinou que a matr\u00edcula seja garantida at\u00e9 que a adolescente apresente o diploma. A decis\u00e3o cabe recurso.<\/p>\n\n\n\n<p>Assessoria de imprensa da USP informou que n\u00e3o foi notificada judicialmente at\u00e9 a manh\u00e3 desta segunda-feira (10).<\/p>\n\n\n\n<p>Elisa faria o Exame Nacional para Certifica\u00e7\u00e3o de Compet\u00eancias de Jovens e Adultos (Encceja) em 2020, mas a prova foi adiada por causa da pandemia. A previs\u00e3o, agora, \u00e9 que ela realize o Encceja em agosto deste ano, um m\u00eas antes de completar 18 anos.<\/p>\n\n\n\n<p>De acordo com o documento, a adolescente tem transtorno do espectro do autismo sem defici\u00eancia intelectual, al\u00e9m de ser considerada com intelig\u00eancia acima da m\u00e9dia.<\/p>\n\n\n\n<p>Al\u00e9m disso, o laudo neuropsicol\u00f3gico de Elisa apontou que o &#8220;homeschooling&#8221; foi a \u00fanica alternativa encontrada pela fam\u00edlia, j\u00e1 que o quadro cl\u00ednico da jovem foi agravado devido \u00e0 dificuldade de se adequar ao ensino regular.<\/p>\n\n\n\n<h2 class=\"wp-block-heading\">Proibi\u00e7\u00e3o na Justi\u00e7a<\/h2>\n\n\n\n<p>Elisa n\u00e3o frequenta a escola desde 2018. Ela estuda seis horas por dia em casa, seguindo um m\u00e9todo pr\u00f3prio. Quando come\u00e7ou a fazer &#8220;homeschooling&#8221;, ela estava no primeiro ano do ensino m\u00e9dio.<\/p>\n\n\n\n<p>A adolescente descobriu a modalidade pela internet, principalmente em sites em ingl\u00eas, e diz que se apaixonou pela ideia. Para saber se o m\u00e9todo de estudo em casa tinha dado certo, ela come\u00e7ou a prestar vestibulares com 16 anos e as aprova\u00e7\u00f5es n\u00e3o pararam de chegar.<\/p>\n\n\n\n<figure class=\"wp-block-image size-large\"><img loading=\"lazy\" decoding=\"async\" width=\"984\" height=\"554\" src=\"https:\/\/noticiasdodia.online\/wp-content\/uploads\/2021\/05\/tvtem-sor-juiza-usp-tn1-220.jpg\" alt=\"\" class=\"wp-image-808\" srcset=\"https:\/\/portalr3.online\/wp-content\/uploads\/2021\/05\/tvtem-sor-juiza-usp-tn1-220.jpg 984w, https:\/\/portalr3.online\/wp-content\/uploads\/2021\/05\/tvtem-sor-juiza-usp-tn1-220-300x169.jpg 300w, https:\/\/portalr3.online\/wp-content\/uploads\/2021\/05\/tvtem-sor-juiza-usp-tn1-220-768x432.jpg 768w\" sizes=\"auto, (max-width: 984px) 100vw, 984px\" \/><\/figure>\n\n\n\n<p>Elisa j\u00e1 passou em uma faculdade particular, tirou quase mil na reda\u00e7\u00e3o do Exame Nacional do Ensino M\u00e9dio (Enem) e, recentemente, conquistou o 5\u00ba lugar no curso de engenharia civil da Escola Polit\u00e9cnica da USP, por meio do Sistema de Sele\u00e7\u00e3o Unificada (Sisu).<\/p>\n\n\n\n<p>No entanto, por n\u00e3o ter completado o ensino m\u00e9dio em uma escola tradicional e sem diploma, ela n\u00e3o p\u00f4de entrar na faculdade. A fam\u00edlia recorreu \u00e0 Justi\u00e7a e, em outubro de 2020, o Minist\u00e9rio P\u00fablico foi favor\u00e1vel a conceder a liminar e permitir que a estudante entrasse na faculdade.<\/p>\n\n\n\n<p>A promotora Maria do Carmo Purcini considerou que a jovem \u00e9 portadora do espectro autista e tem um excepcional desempenho. O pedido de liminar para que ela entrasse na faculdade, no entanto, foi negado. Em seguida, a fam\u00edlia recorreu da decis\u00e3o.<\/p>\n","protected":false},"excerpt":{"rendered":"<p>Decis\u00e3o expedida na sexta-feira (7) cabe recurso. Elisa de Oliveira Flemer, de 17 anos, conquistou o 5\u00ba lugar no curso<\/p>\n","protected":false},"author":1,"featured_media":809,"comment_status":"open","ping_status":"open","sticky":false,"template":"","format":"standard","meta":{"colormag_page_container_layout":"default_layout","colormag_page_sidebar_layout":"default_layout","footnotes":""},"categories":[408],"tags":[],"class_list":["post-807","post","type-post","status-publish","format-standard","has-post-thumbnail","hentry","category-sorocaba-e-jundiai"],"aioseo_notices":[],"_links":{"self":[{"href":"https:\/\/portalr3.online\/index.php\/wp-json\/wp\/v2\/posts\/807","targetHints":{"allow":["GET"]}}],"collection":[{"href":"https:\/\/portalr3.online\/index.php\/wp-json\/wp\/v2\/posts"}],"about":[{"href":"https:\/\/portalr3.online\/index.php\/wp-json\/wp\/v2\/types\/post"}],"author":[{"embeddable":true,"href":"https:\/\/portalr3.online\/index.php\/wp-json\/wp\/v2\/users\/1"}],"replies":[{"embeddable":true,"href":"https:\/\/portalr3.online\/index.php\/wp-json\/wp\/v2\/comments?post=807"}],"version-history":[{"count":0,"href":"https:\/\/portalr3.online\/index.php\/wp-json\/wp\/v2\/posts\/807\/revisions"}],"wp:featuredmedia":[{"embeddable":true,"href":"https:\/\/portalr3.online\/index.php\/wp-json\/wp\/v2\/media\/809"}],"wp:attachment":[{"href":"https:\/\/portalr3.online\/index.php\/wp-json\/wp\/v2\/media?parent=807"}],"wp:term":[{"taxonomy":"category","embeddable":true,"href":"https:\/\/portalr3.online\/index.php\/wp-json\/wp\/v2\/categories?post=807"},{"taxonomy":"post_tag","embeddable":true,"href":"https:\/\/portalr3.online\/index.php\/wp-json\/wp\/v2\/tags?post=807"}],"curies":[{"name":"wp","href":"https:\/\/api.w.org\/{rel}","templated":true}]}}