{"id":803,"date":"2021-05-10T12:06:32","date_gmt":"2021-05-10T15:06:32","guid":{"rendered":"https:\/\/noticiasdodia.online\/?p=803"},"modified":"2021-05-10T12:06:32","modified_gmt":"2021-05-10T15:06:32","slug":"mp-comeca-a-ouvir-testemunhas-e-parentes-de-mortos-em-acao-no-jacarezinho","status":"publish","type":"post","link":"https:\/\/portalr3.online\/index.php\/2021\/05\/10\/mp-comeca-a-ouvir-testemunhas-e-parentes-de-mortos-em-acao-no-jacarezinho\/","title":{"rendered":"MP come\u00e7a a ouvir testemunhas e parentes de mortos em a\u00e7\u00e3o no Jacarezinho"},"content":{"rendered":"\n<p>Defensoria tamb\u00e9m tem encontro com familiares das v\u00edtimas nesta segunda-feira, \u00e0s 14h, no Centro do Rio. Relat\u00f3rio de intelig\u00eancia da pol\u00edcia cita que quatro mortos foram indiciados em investiga\u00e7\u00e3o por aliciamento de menores para o tr\u00e1fico.<\/p>\n\n\n\n<p>Na tarde desta segunda, por volta das 14h, tamb\u00e9m acontecer\u00e1 uma reuni\u00e3o com as fam\u00edlias dos mortos na Defensoria P\u00fablica do Rio, no Centro. O encontro tamb\u00e9m ter\u00e1 as presen\u00e7as das Comiss\u00f5es de Direitos Humanos da Alerj e da Ordem dos Advogados do Brasil no Rio de Janeiro.<\/p>\n\n\n\n<h2 class=\"wp-block-heading\">Mortes por interven\u00e7\u00e3o policial<\/h2>\n\n\n\n<p>Os registros de ocorr\u00eancia da opera\u00e7\u00e3o do Jacarezinho tamb\u00e9m mostraram que todas as mortes foram registradas da mesma forma:\u00a0<strong>Morte por Interven\u00e7\u00e3o de Agente do Estado.<\/strong><\/p>\n\n\n\n<h2 class=\"wp-block-heading\">Relat\u00f3rio<\/h2>\n\n\n\n<p>Um relat\u00f3rio de Intelig\u00eancia da Pol\u00edcia Civil feito ap\u00f3s a opera\u00e7\u00e3o cita que foram 23 suspeitos indiciados por aliciamento de menores para o tr\u00e1fico de drogas. Desses 23,&nbsp;<strong>quatro morreram na \u00faltima quinta-feira (6). S\u00e3o eles:<\/strong><\/p>\n\n\n\n<ol class=\"wp-block-list\"><li>Richard Gabriel da Silva Ferreira<\/li><li>R\u00f4mulo Oliveira Lucio<\/li><li>Maur\u00edcio Ferreira da Silva<\/li><li>Isaac Pinheiro de Oliveira<\/li><\/ol>\n\n\n\n<p>A investiga\u00e7\u00e3o da Delegacia de Prote\u00e7\u00e3o \u00e0 Crian\u00e7a e Adolescente foi uma das justificativas<\/p>\n\n\n\n<p>O relat\u00f3rio frisa que a regi\u00e3o \u00e9 tomada por barricadas constru\u00eddas pelos traficantes para dificultar a a\u00e7\u00e3o da Pol\u00edcia Civil.<\/p>\n","protected":false},"excerpt":{"rendered":"<p>Defensoria tamb\u00e9m tem encontro com familiares das v\u00edtimas nesta segunda-feira, \u00e0s 14h, no Centro do Rio. Relat\u00f3rio de intelig\u00eancia da<\/p>\n","protected":false},"author":1,"featured_media":804,"comment_status":"open","ping_status":"open","sticky":false,"template":"","format":"standard","meta":{"colormag_page_container_layout":"default_layout","colormag_page_sidebar_layout":"default_layout","footnotes":""},"categories":[407],"tags":[],"class_list":["post-803","post","type-post","status-publish","format-standard","has-post-thumbnail","hentry","category-rio-de-janeiro"],"aioseo_notices":[],"_links":{"self":[{"href":"https:\/\/portalr3.online\/index.php\/wp-json\/wp\/v2\/posts\/803","targetHints":{"allow":["GET"]}}],"collection":[{"href":"https:\/\/portalr3.online\/index.php\/wp-json\/wp\/v2\/posts"}],"about":[{"href":"https:\/\/portalr3.online\/index.php\/wp-json\/wp\/v2\/types\/post"}],"author":[{"embeddable":true,"href":"https:\/\/portalr3.online\/index.php\/wp-json\/wp\/v2\/users\/1"}],"replies":[{"embeddable":true,"href":"https:\/\/portalr3.online\/index.php\/wp-json\/wp\/v2\/comments?post=803"}],"version-history":[{"count":0,"href":"https:\/\/portalr3.online\/index.php\/wp-json\/wp\/v2\/posts\/803\/revisions"}],"wp:featuredmedia":[{"embeddable":true,"href":"https:\/\/portalr3.online\/index.php\/wp-json\/wp\/v2\/media\/804"}],"wp:attachment":[{"href":"https:\/\/portalr3.online\/index.php\/wp-json\/wp\/v2\/media?parent=803"}],"wp:term":[{"taxonomy":"category","embeddable":true,"href":"https:\/\/portalr3.online\/index.php\/wp-json\/wp\/v2\/categories?post=803"},{"taxonomy":"post_tag","embeddable":true,"href":"https:\/\/portalr3.online\/index.php\/wp-json\/wp\/v2\/tags?post=803"}],"curies":[{"name":"wp","href":"https:\/\/api.w.org\/{rel}","templated":true}]}}