{"id":791,"date":"2021-05-04T12:21:55","date_gmt":"2021-05-04T15:21:55","guid":{"rendered":"https:\/\/noticiasdodia.online\/?p=791"},"modified":"2021-05-04T12:21:55","modified_gmt":"2021-05-04T15:21:55","slug":"jovem-entra-em-escola-e-mata-3-criancas-e-uma-professora-em-sc","status":"publish","type":"post","link":"https:\/\/portalr3.online\/index.php\/2021\/05\/04\/jovem-entra-em-escola-e-mata-3-criancas-e-uma-professora-em-sc\/","title":{"rendered":"Jovem entra em escola e mata 3 crian\u00e7as e uma professora em SC"},"content":{"rendered":"\n<p>Tr\u00eas crian\u00e7as e uma professora morreram ap\u00f3s um ataque em uma escola infantil de Saudades, no Oeste de Santa Catarina, neste ter\u00e7a-feira (4). Segundo a Pol\u00edcia Civil, o suspeito foi apreendido.<\/p>\n\n\n\n<p>De acordo com o 2\u00ba Batalh\u00e3o da PM de Chapec\u00f3, que presta apoio na ocorr\u00eancia, por volta das 10h35 v\u00e1rias liga\u00e7\u00f5es foram feitas de moradores e funcion\u00e1rios pedindo socorro no local.<\/p>\n\n\n\n<p>Segundo os relatos, o adolescente que entrou no local estava golpeando alunos e professores com um fac\u00e3o.<\/p>\n\n\n\n<p>A secret\u00e1ria municipal de Educa\u00e7\u00e3o, Gisela Hermann, afirmou que as cenas no local eram de terror.<\/p>\n\n\n\n<p>\u201cChegamos l\u00e1, uma cena de terror. Consegui entrar na escola. Tinha uma cara deitado no ch\u00e3o, mas ainda vivo, uma professora morta, uma crian\u00e7a morta tamb\u00e9m. A sala estava fechada, n\u00e3o deixaram a gente entrar.&#8221;<\/p>\n\n\n\n<p>O munic\u00edpio de Saudades tem 9,8 mil habitantes e fica cerca de 600 quil\u00f4metros de Florian\u00f3polis.<\/p>\n\n\n\n<figure class=\"wp-block-image\"><img decoding=\"async\" src=\"https:\/\/s2.glbimg.com\/zAq04GPThWI-MjeizpXr-EJD7ZY=\/0x0:1280x720\/1008x0\/smart\/filters:strip_icc()\/i.s3.glbimg.com\/v1\/AUTH_59edd422c0c84a879bd37670ae4f538a\/internal_photos\/bs\/2021\/I\/9\/AKDnhqRJ241CAWZLoNrg\/whatsapp-image-2021-05-04-at-10.58.43.jpeg\" alt=\"Uma professora tamb\u00e9m foi ferida, segundo a Pol\u00edcia Civil \u2014 Foto: Simone Fernandes\/Arquivo Pessoal\"\/><\/figure>\n\n\n\n<p>Uma professora tamb\u00e9m foi ferida, segundo a Pol\u00edcia Civil \u2014 Foto: Simone Fernandes\/Arquivo Pessoal<\/p>\n\n\n\n<figure class=\"wp-block-image\"><img decoding=\"async\" src=\"https:\/\/s2.glbimg.com\/Fusha1tIU7yIrXx-UNdRxq5xXzk=\/0x0:1280x720\/1008x0\/smart\/filters:strip_icc()\/i.s3.glbimg.com\/v1\/AUTH_59edd422c0c84a879bd37670ae4f538a\/internal_photos\/bs\/2021\/H\/D\/5XfNfsRwWXHmbGtBkGOQ\/whatsapp-image-2021-05-04-at-11.00.47.jpeg\" alt=\"Segundo a Pol\u00edcia Civil, o suspeito \u00e9 um adolescente. Ele foi apreendido \u2014 Foto: Simone Fernandes\/Arquivo Pessoal\"\/><\/figure>\n\n\n\n<p>Segundo a Pol\u00edcia Civil, o suspeito \u00e9 um adolescente. Ele foi apreendido \u2014 Foto: Simone Fernandes\/Arquivo Pessoal<\/p>\n","protected":false},"excerpt":{"rendered":"<p>Tr\u00eas crian\u00e7as e uma professora morreram ap\u00f3s um ataque em uma escola infantil de Saudades, no Oeste de Santa Catarina,<\/p>\n","protected":false},"author":1,"featured_media":792,"comment_status":"open","ping_status":"open","sticky":false,"template":"","format":"standard","meta":{"colormag_page_container_layout":"default_layout","colormag_page_sidebar_layout":"default_layout","footnotes":""},"categories":[178],"tags":[],"class_list":["post-791","post","type-post","status-publish","format-standard","has-post-thumbnail","hentry","category-santa-catarina"],"aioseo_notices":[],"_links":{"self":[{"href":"https:\/\/portalr3.online\/index.php\/wp-json\/wp\/v2\/posts\/791","targetHints":{"allow":["GET"]}}],"collection":[{"href":"https:\/\/portalr3.online\/index.php\/wp-json\/wp\/v2\/posts"}],"about":[{"href":"https:\/\/portalr3.online\/index.php\/wp-json\/wp\/v2\/types\/post"}],"author":[{"embeddable":true,"href":"https:\/\/portalr3.online\/index.php\/wp-json\/wp\/v2\/users\/1"}],"replies":[{"embeddable":true,"href":"https:\/\/portalr3.online\/index.php\/wp-json\/wp\/v2\/comments?post=791"}],"version-history":[{"count":0,"href":"https:\/\/portalr3.online\/index.php\/wp-json\/wp\/v2\/posts\/791\/revisions"}],"wp:featuredmedia":[{"embeddable":true,"href":"https:\/\/portalr3.online\/index.php\/wp-json\/wp\/v2\/media\/792"}],"wp:attachment":[{"href":"https:\/\/portalr3.online\/index.php\/wp-json\/wp\/v2\/media?parent=791"}],"wp:term":[{"taxonomy":"category","embeddable":true,"href":"https:\/\/portalr3.online\/index.php\/wp-json\/wp\/v2\/categories?post=791"},{"taxonomy":"post_tag","embeddable":true,"href":"https:\/\/portalr3.online\/index.php\/wp-json\/wp\/v2\/tags?post=791"}],"curies":[{"name":"wp","href":"https:\/\/api.w.org\/{rel}","templated":true}]}}