{"id":76,"date":"2021-03-27T10:21:38","date_gmt":"2021-03-27T13:21:38","guid":{"rendered":"https:\/\/noticiasnomundo.online\/?p=76"},"modified":"2021-03-27T10:21:38","modified_gmt":"2021-03-27T13:21:38","slug":"vacinar-1-milhao-de-pessoas-por-dia-e-perfeitamente-possivel","status":"publish","type":"post","link":"https:\/\/portalr3.online\/index.php\/2021\/03\/27\/vacinar-1-milhao-de-pessoas-por-dia-e-perfeitamente-possivel\/","title":{"rendered":"&#8220;Vacinar 1 milh\u00e3o de pessoas por dia \u00e9 perfeitamente poss\u00edvel&#8221;"},"content":{"rendered":"\n<p>O presidente do Senado, Rodrigo Pacheco (DEM-MG), disse que o plano do novo ministro da Sa\u00fade, Marcelo Queiroga, de vacinar pelo menos 1 milh\u00e3o de brasileiros contra a\u00a0<strong>COVID-19<\/strong>\u00a0por dia \u00e9 &#8220;perfeitamente poss\u00edvel\u201d. Na avalia\u00e7\u00e3o do parlamentar, a produ\u00e7\u00e3o de imunizantes no pr\u00f3prio pa\u00eds pelo Instituto Butantan e a Funda\u00e7\u00e3o Oswaldo Cruz (Fiocruz) e a amplia\u00e7\u00e3o da quantidade de fabricantes que disponibilizar\u00e3o as vacinas ao Brasil s\u00e3o indicativos que contribuem para que a meta do governo seja cumprida.<\/p>\n\n\n\n<p>\u201cPelo cronograma apresentado pelo Minist\u00e9rio da Sa\u00fade, considerando Fiocruz e Butantan, tanto de produ\u00e7\u00e3o pr\u00f3pria quanto de importa\u00e7\u00e3o, mais dos laborat\u00f3rios privados que tiveram aquisi\u00e7\u00e3o, \u00e9 plenamente poss\u00edvel se atingir essa meta dita pelo Minist\u00e9rio da Sa\u00fade de 1 milh\u00e3o de vacinados por dia\u201d, afirmou o senador, depois de se reunir virtualmente com governadores.<\/p>\n\n\n\n<p>\u201c\u00c9 perfeitamente poss\u00edvel n\u00f3s acreditarmos e confiarmos nessa informa\u00e7\u00e3o de que a partir de abril n\u00f3s tenhamos essa vacina\u00e7\u00e3o de 1 milh\u00e3o de pessoas por dia\u201d, refor\u00e7ou Pacheco.<br>O\u00a0encontro do parlamentar com os governadores aconteceu ap\u00f3s o presidente\u00a0<strong>Jair Bolsonaro\u00a0<\/strong>confirmar a cria\u00e7\u00e3o de um comit\u00ea\u00a0de crise para acompanhamento das a\u00e7\u00f5es do governo federal contra a COVID-19. Os governadores n\u00e3o participar\u00e3o diretamente, mas Pacheco atuar\u00e1 como um porta-voz dos l\u00edderes estaduais durante as reuni\u00f5es do gabinete.<\/p>\n\n\n\n<h3 class=\"wp-block-heading\">PNI<\/h3>\n\n\n\n<p>A vacina\u00e7\u00e3o contra o novo coronav\u00edrus foi um dos temas debatidos nesta manh\u00e3, e os governadores pediram ao presidente do Senado que haja uma uniformiza\u00e7\u00e3o do Programa Nacional de Imuniza\u00e7\u00f5es (PNI) do Minist\u00e9rio da Sa\u00fade, para permitir que, entre os estados, haja igualdade em rela\u00e7\u00e3o \u00e0s faixas et\u00e1rias de alcance da vacina\u00e7\u00e3o e evitar um desequil\u00edbrio entre as unidades da Federa\u00e7\u00e3o.<br>Pacheco apresentar\u00e1 o pleito a Bolsonaro na pr\u00f3xima segunda (29), na primeira reuni\u00e3o do comit\u00ea de crise. \u201c\u00c9 uma coordena\u00e7\u00e3o que precisa ser feita pelo Minist\u00e9rio da Sa\u00fade, a centraliza\u00e7\u00e3o, o fornecimento de vacinas e, tamb\u00e9m, de insumos por parte da Uni\u00e3o \u00e0s secretarias de Sa\u00fade dos estados. S\u00e3o reivindica\u00e7\u00f5es justas, b\u00e1sicas, mas precisamos sentar e ter a interlocu\u00e7\u00e3o necess\u00e1ria para isso.\u201d<\/p>\n\n\n\n<p><\/p>\n","protected":false},"excerpt":{"rendered":"<p>O presidente do Senado, Rodrigo Pacheco (DEM-MG), disse que o plano do novo ministro da Sa\u00fade, Marcelo Queiroga, de vacinar<\/p>\n","protected":false},"author":1,"featured_media":77,"comment_status":"open","ping_status":"open","sticky":false,"template":"","format":"standard","meta":{"colormag_page_container_layout":"default_layout","colormag_page_sidebar_layout":"default_layout","footnotes":""},"categories":[3],"tags":[],"class_list":["post-76","post","type-post","status-publish","format-standard","has-post-thumbnail","hentry","category-covid-19"],"aioseo_notices":[],"_links":{"self":[{"href":"https:\/\/portalr3.online\/index.php\/wp-json\/wp\/v2\/posts\/76","targetHints":{"allow":["GET"]}}],"collection":[{"href":"https:\/\/portalr3.online\/index.php\/wp-json\/wp\/v2\/posts"}],"about":[{"href":"https:\/\/portalr3.online\/index.php\/wp-json\/wp\/v2\/types\/post"}],"author":[{"embeddable":true,"href":"https:\/\/portalr3.online\/index.php\/wp-json\/wp\/v2\/users\/1"}],"replies":[{"embeddable":true,"href":"https:\/\/portalr3.online\/index.php\/wp-json\/wp\/v2\/comments?post=76"}],"version-history":[{"count":0,"href":"https:\/\/portalr3.online\/index.php\/wp-json\/wp\/v2\/posts\/76\/revisions"}],"wp:featuredmedia":[{"embeddable":true,"href":"https:\/\/portalr3.online\/index.php\/wp-json\/wp\/v2\/media\/77"}],"wp:attachment":[{"href":"https:\/\/portalr3.online\/index.php\/wp-json\/wp\/v2\/media?parent=76"}],"wp:term":[{"taxonomy":"category","embeddable":true,"href":"https:\/\/portalr3.online\/index.php\/wp-json\/wp\/v2\/categories?post=76"},{"taxonomy":"post_tag","embeddable":true,"href":"https:\/\/portalr3.online\/index.php\/wp-json\/wp\/v2\/tags?post=76"}],"curies":[{"name":"wp","href":"https:\/\/api.w.org\/{rel}","templated":true}]}}