{"id":750,"date":"2021-05-03T22:42:27","date_gmt":"2021-05-04T01:42:27","guid":{"rendered":"https:\/\/redacaolivre.com\/?p=750"},"modified":"2021-05-03T22:42:27","modified_gmt":"2021-05-04T01:42:27","slug":"bruno-covas-e-extubado-apos-sangramento-no-estomago-ser-contido","status":"publish","type":"post","link":"https:\/\/portalr3.online\/index.php\/2021\/05\/03\/bruno-covas-e-extubado-apos-sangramento-no-estomago-ser-contido\/","title":{"rendered":"Bruno Covas \u00e9 extubado ap\u00f3s sangramento no est\u00f4mago ser contido"},"content":{"rendered":"\n<p>Prefeito licenciado havia sido internado no domingo (2) ap\u00f3s sentir efeitos adversos do tratamento contra o c\u00e2ncer e teve de ser transferido para a unidade de tratamento intensivo nesta segunda.<\/p>\n\n\n\n<p>O prefeito licenciado de S\u00e3o Paulo,\u00a0Bruno Covas\u00a0(PSDB), foi extubado no fim da tarde desta segunda-feira (3), ap\u00f3s o sangramento no est\u00f4mago ser estancado, mas continua internado na Unidade de Terapia Intensiva (UTI) do hospital S\u00edrio-Liban\u00eas, no Centro da capital paulista.<\/p>\n\n\n\n<p>Na manh\u00e3 desta segunda, o prefeito havia sido transferido para a UTI e intubado depois que\u00a0um exame de endoscopia encontrou um sangramento causado por uma \u00falcera em cima do tumor original, na c\u00e1rdia,\u00a0a passagem do es\u00f4fago para o est\u00f4mago. Segundo o m\u00e9dico David Uip, que comp\u00f5e o corpo cl\u00ednico que cuida do prefeito, o sangramento foi controlado pelo endoscopista.\u00a0<\/p>\n\n\n\n<p>Por causa da transfer\u00eancia para a UTI, as sess\u00f5es de quimioterapia e imunoterapia que o prefeito faria nesta segunda (3) foram suspensas e n\u00e3o devem acontecer nos pr\u00f3ximos dias. A an\u00e1lise dos m\u00e9dicos \u00e9 a de que esse tipo de sangramento n\u00e3o \u00e9 desej\u00e1vel, mas faz parte de um quadro de tratamento pelo qual o prefeito passa atualmente.<\/p>\n\n\n\n<p><strong>LEIA TAMB\u00c9M:<\/strong><\/p>\n\n\n\n<ul class=\"wp-block-list\"><li>Bruno Covas decide se licenciar do cargo de prefeito de SP por 30 dias para tratar c\u00e2ncer<\/li><li>Saiba quem \u00e9 Ricardo Nunes, vice que assumir\u00e1 Prefeitura de SP no lugar de Covas<\/li><li>&#8216;A luta pela vida continua&#8217;, disse Bruno Covas ap\u00f3s interna\u00e7\u00e3o de 15 de abril<\/li><\/ul>\n\n\n\n<p>Bruno Covas foi internado neste domingo para realizar exames de sangue, de imagens e endosc\u00f3pico, com o objetivo de prosseguir o tratamento quimioter\u00e1pico e imunoter\u00e1pico. A endoscopia demonstrou sangramento no local do tumor inicial, que foi controlado com medidas de hemostasia local.<\/p>\n\n\n\n<p>De acordo com um dos m\u00e9dicos da equipe que o atende, a intuba\u00e7\u00e3o foi feita para proteger as vias a\u00e9reas do prefeito e evitar alguma lacera\u00e7\u00e3o no momento da endoscopia.<\/p>\n\n\n\n<p>Ele est\u00e1 sendo acompanhado pelas equipes m\u00e9dicas coordenadas por Prof. Dr. David Uip, Dr. Artur Katz, Dr. Tulio Eduardo Flesch Pfiffer e Prof. Dr. Roberto Kalil Filho, diz boletim m\u00e9dico assinado pelos diretores Fernando Ganem e Angelo Fernandez.<\/p>\n\n\n\n<figure class=\"wp-block-image\"><img decoding=\"async\" src=\"https:\/\/s2.glbimg.com\/hTUUe-G_cZBLx4IefoCtxmUpx4I=\/0x190:540x776\/984x0\/smart\/filters:strip_icc()\/i.s3.glbimg.com\/v1\/AUTH_59edd422c0c84a879bd37670ae4f538a\/internal_photos\/bs\/2021\/A\/J\/uDvoJ5R5qDWrOIConTkg\/covas.jpeg\" alt=\"Boletim m\u00e9dico do prefeito Bruno Covas divulgado elo Hospital S\u00edrio-Liban\u00eas  \u2014 Foto: Reprodu\u00e7\u00e3o\"\/><\/figure>\n\n\n\n<p>Boletim m\u00e9dico do prefeito Bruno Covas divulgado elo Hospital S\u00edrio-Liban\u00eas \u2014 Foto: Reprodu\u00e7\u00e3o<\/p>\n\n\n\n<h2 class=\"wp-block-heading\">Interna\u00e7\u00e3o<\/h2>\n\n\n\n<p>Por causa dos efeitos colaterais do tratamento contra o c\u00e2ncer, Bruno Covas anunciou um\u00a0pedido de afastamento do cargo por 30 dias do cargo.<\/p>\n\n\n\n<p>Em entrevista \u00e0 r\u00e1dio CBN na manh\u00e3 desta segunda (3), o m\u00e9dico David Uip afirmou que\u00a0ele teve n\u00e1useas e v\u00f4mitos no fim de\u00a0semana,\u00a0e a equipe m\u00e9dica optou por adiantar a interna\u00e7\u00e3o preventivamente.<\/p>\n\n\n\n<p>&#8220;Aumentaram o n\u00famero de tumores no f\u00edgado e em outros lugares. E apareceram em dois outros locais tamb\u00e9m: na bacia e na coluna. (&#8230;) Como \u00e9 um tratamento muito poderoso, voc\u00ea sempre trata com a efetividade do tratamento versus o efeito colateral&#8221;, disse Uip. <\/p>\n\n\n\n<p>&#8220;N\u00f3s estamos muito atentos e preferimos que ele viesse para o hospital ontem mesmo por conta disso. De um lado, para avaliar a efetividade do tratamento, de outro, para avaliar os efeitos colaterais desse tratamento&#8221;, completou.<\/p>\n","protected":false},"excerpt":{"rendered":"<p>Prefeito licenciado havia sido internado no domingo (2) ap\u00f3s sentir efeitos adversos do tratamento contra o c\u00e2ncer e teve de<\/p>\n","protected":false},"author":1,"featured_media":751,"comment_status":"closed","ping_status":"closed","sticky":false,"template":"","format":"standard","meta":{"colormag_page_container_layout":"default_layout","colormag_page_sidebar_layout":"default_layout","footnotes":""},"categories":[16],"tags":[],"class_list":["post-750","post","type-post","status-publish","format-standard","has-post-thumbnail","hentry","category-politica"],"aioseo_notices":[],"_links":{"self":[{"href":"https:\/\/portalr3.online\/index.php\/wp-json\/wp\/v2\/posts\/750","targetHints":{"allow":["GET"]}}],"collection":[{"href":"https:\/\/portalr3.online\/index.php\/wp-json\/wp\/v2\/posts"}],"about":[{"href":"https:\/\/portalr3.online\/index.php\/wp-json\/wp\/v2\/types\/post"}],"author":[{"embeddable":true,"href":"https:\/\/portalr3.online\/index.php\/wp-json\/wp\/v2\/users\/1"}],"replies":[{"embeddable":true,"href":"https:\/\/portalr3.online\/index.php\/wp-json\/wp\/v2\/comments?post=750"}],"version-history":[{"count":0,"href":"https:\/\/portalr3.online\/index.php\/wp-json\/wp\/v2\/posts\/750\/revisions"}],"wp:featuredmedia":[{"embeddable":true,"href":"https:\/\/portalr3.online\/index.php\/wp-json\/wp\/v2\/media\/751"}],"wp:attachment":[{"href":"https:\/\/portalr3.online\/index.php\/wp-json\/wp\/v2\/media?parent=750"}],"wp:term":[{"taxonomy":"category","embeddable":true,"href":"https:\/\/portalr3.online\/index.php\/wp-json\/wp\/v2\/categories?post=750"},{"taxonomy":"post_tag","embeddable":true,"href":"https:\/\/portalr3.online\/index.php\/wp-json\/wp\/v2\/tags?post=750"}],"curies":[{"name":"wp","href":"https:\/\/api.w.org\/{rel}","templated":true}]}}