{"id":741,"date":"2021-05-03T22:34:44","date_gmt":"2021-05-04T01:34:44","guid":{"rendered":"https:\/\/redacaolivre.com\/?p=741"},"modified":"2021-05-03T22:34:44","modified_gmt":"2021-05-04T01:34:44","slug":"as-proximas-etapas-da-cpi-da-covid","status":"publish","type":"post","link":"https:\/\/portalr3.online\/index.php\/2021\/05\/03\/as-proximas-etapas-da-cpi-da-covid\/","title":{"rendered":"As pr\u00f3ximas etapas da CPI da Covid"},"content":{"rendered":"\n<p>Instalada na \u00faltima ter\u00e7a-feira (27), a Comiss\u00e3o Parlamentar de Inqu\u00e9rito\u00a0(CPI) da Covid\u00a0no Senado ter\u00e1, nas palavras do\u00a0relator Renan Calheiros\u00a0(MDB-AL), uma semana de \u201cmuito trabalho\u201d \u2013 com a tomada de depoimentos, in\u00edcio de pelo menos seis linhas de investiga\u00e7\u00e3o e an\u00e1lise de um volumoso material solicitado pelos integrantes do colegiado.<\/p>\n\n\n\n<p>Somente nos primeiros dias de trabalho, foram aprovados mais de 300 requerimentos. S\u00e3o convoca\u00e7\u00f5es de testemunhas e pedidos de documenta\u00e7\u00e3o de v\u00e1rios \u00f3rg\u00e3os do governo federal, de estados e de munic\u00edpios.<\/p>\n\n\n\n<p>A CPI foi criada para investigar a\u00e7\u00f5es e omiss\u00f5es do governo Jair Bolsonaro na pandemia e fiscalizar a aplica\u00e7\u00e3o de recursos federais por estados e munic\u00edpios.<\/p>\n\n\n\n<p>Veja as pr\u00f3ximas etapas da comiss\u00e3o: <\/p>\n\n\n\n<h2 class=\"wp-block-heading\">Depoimentos de ex-ministros<\/h2>\n\n\n\n<p>Tr\u00eas ex-ministros da Sa\u00fade, o atual e o presidente da Ag\u00eancia Nacional de Vigil\u00e2ncia Sanit\u00e1ria (Anvisa)\u00a0dep\u00f5em nesta semana\u00a0\u00e0 CPI:<\/p>\n\n\n\n<ul class=\"wp-block-list\"><li><strong>Ter\u00e7a-feira (4)&nbsp;<\/strong>\u2013 Luiz Henrique Mandetta e Nelson Teich, ex-ministros da Sa\u00fade;<\/li><li><strong>Quarta-feira (5)<\/strong>&nbsp;\u2013 general Eduardo Pazuello, ex-ministro da Sa\u00fade;<\/li><li><strong>Quinta-feira (6)<\/strong>&nbsp;\u2013 Marcelo Queiroga, atual ministro da Sa\u00fade e Antonio Barra Torres, presidente da Anvisa.<\/li><\/ul>\n\n\n\n<p>Oposicionistas e integrantes independentes da CPI querem ainda aprovar a convoca\u00e7\u00e3o do ex-secret\u00e1rio de Comunica\u00e7\u00e3o da Presid\u00eancia da Rep\u00fablica F\u00e1bio Wajngarten \u2013 que recentemente classificou como &#8220;incompetente&#8221; a gest\u00e3o de Eduardo Pazuello no enfrentamento da pandemia. Governistas s\u00e3o contr\u00e1rios a esse requerimento.<\/p>\n\n\n\n<h2 class=\"wp-block-heading\">Linhas de investiga\u00e7\u00e3o<\/h2>\n\n\n\n<p>O\u00a0plano de trabalho\u00a0do relator Renan Calheiros prev\u00ea, pelo menos, seis frentes de investiga\u00e7\u00e3o por parte da CPI:<\/p>\n\n\n\n<ul class=\"wp-block-list\"><li>Aquisi\u00e7\u00e3o e distribui\u00e7\u00e3o de vacinas, insumos, testes e EPIs; e habilita\u00e7\u00e3o de leitos;<\/li><li>Produ\u00e7\u00e3o, distribui\u00e7\u00e3o e recomenda\u00e7\u00e3o de cloroquina e falhas na compra de rem\u00e9dios do kit intuba\u00e7\u00e3o;<\/li><li>Atribui\u00e7\u00e3o de responsabilidades e compet\u00eancias no combate \u00e0 crise;<\/li><li>Colapso de sa\u00fade no Amazonas;<\/li><li>Sa\u00fade ind\u00edgena;<\/li><li>Crit\u00e9rios de repasse e uso de recursos federais.<\/li><\/ul>\n\n\n\n<p>Entre outros pontos, os membros da comiss\u00e3o tamb\u00e9m querem apurar:<\/p>\n\n\n\n<ul class=\"wp-block-list\"><li>Contratos e\u00a0a\u00e7\u00f5es de publicidade do governo\u00a0durante a pandemia;<\/li><li>Passeios de Bolsonaro\u00a0pelo Distrito Federal em meio \u00e0 crise sanit\u00e1ria;<\/li><li>Dissemina\u00e7\u00e3o de\u00a0informa\u00e7\u00f5es falsas\u00a0sobre a Covid-19.<\/li><\/ul>\n\n\n\n<h2 class=\"wp-block-heading\">Documentos<\/h2>\n\n\n\n<p>Na pr\u00f3xima semana, come\u00e7am a chegar os documentos solicitados por senadores a diversos \u00f3rg\u00e3os.<\/p>\n\n\n\n<p>A expectativa de Randolfe Rodrigues (Rede-AP), vice-presidente da CPI, \u00e9 de que um grande volume de planilhas, comprovantes, atas de reuni\u00f5es, registros em \u00e1udio e v\u00eddeo, c\u00f3pias de contratos, entre outros dados, seja recebido pela comiss\u00e3o j\u00e1 a partir da pr\u00f3xima quarta-feira (5).<\/p>\n\n\n\n<p>Entre as informa\u00e7\u00f5es demandadas, est\u00e3o documentos relacionados ao fornecimento de equipamentos de prote\u00e7\u00e3o, ventiladores e medicamentos para estados e munic\u00edpios; e tamb\u00e9m dados sobre a necessidade de leitos de UTI nos estados.<\/p>\n\n\n\n<p>Tamb\u00e9m foram solicitados of\u00edcios sobre transfer\u00eancias de recursos federais para governos estaduais e prefeituras. E dados sobre produ\u00e7\u00e3o, compra e recomenda\u00e7\u00e3o de\u00a0rem\u00e9dios com inefic\u00e1cia cientificamente comprovada\u00a0contra a Covid-19, como a hidroxicloroquina.<\/p>\n","protected":false},"excerpt":{"rendered":"<p>Instalada na \u00faltima ter\u00e7a-feira (27), a Comiss\u00e3o Parlamentar de Inqu\u00e9rito\u00a0(CPI) da Covid\u00a0no Senado ter\u00e1, nas palavras do\u00a0relator Renan Calheiros\u00a0(MDB-AL), uma<\/p>\n","protected":false},"author":1,"featured_media":746,"comment_status":"closed","ping_status":"closed","sticky":false,"template":"","format":"standard","meta":{"colormag_page_container_layout":"default_layout","colormag_page_sidebar_layout":"default_layout","footnotes":""},"categories":[16],"tags":[],"class_list":["post-741","post","type-post","status-publish","format-standard","has-post-thumbnail","hentry","category-politica"],"aioseo_notices":[],"_links":{"self":[{"href":"https:\/\/portalr3.online\/index.php\/wp-json\/wp\/v2\/posts\/741","targetHints":{"allow":["GET"]}}],"collection":[{"href":"https:\/\/portalr3.online\/index.php\/wp-json\/wp\/v2\/posts"}],"about":[{"href":"https:\/\/portalr3.online\/index.php\/wp-json\/wp\/v2\/types\/post"}],"author":[{"embeddable":true,"href":"https:\/\/portalr3.online\/index.php\/wp-json\/wp\/v2\/users\/1"}],"replies":[{"embeddable":true,"href":"https:\/\/portalr3.online\/index.php\/wp-json\/wp\/v2\/comments?post=741"}],"version-history":[{"count":0,"href":"https:\/\/portalr3.online\/index.php\/wp-json\/wp\/v2\/posts\/741\/revisions"}],"wp:featuredmedia":[{"embeddable":true,"href":"https:\/\/portalr3.online\/index.php\/wp-json\/wp\/v2\/media\/746"}],"wp:attachment":[{"href":"https:\/\/portalr3.online\/index.php\/wp-json\/wp\/v2\/media?parent=741"}],"wp:term":[{"taxonomy":"category","embeddable":true,"href":"https:\/\/portalr3.online\/index.php\/wp-json\/wp\/v2\/categories?post=741"},{"taxonomy":"post_tag","embeddable":true,"href":"https:\/\/portalr3.online\/index.php\/wp-json\/wp\/v2\/tags?post=741"}],"curies":[{"name":"wp","href":"https:\/\/api.w.org\/{rel}","templated":true}]}}