{"id":738,"date":"2021-04-30T01:39:18","date_gmt":"2021-04-30T04:39:18","guid":{"rendered":"https:\/\/redacaolivre.com\/?p=738"},"modified":"2021-04-30T01:39:18","modified_gmt":"2021-04-30T04:39:18","slug":"governo-autoriza-uso-da-forca-nacional-na-amazonia","status":"publish","type":"post","link":"https:\/\/portalr3.online\/index.php\/2021\/04\/30\/governo-autoriza-uso-da-forca-nacional-na-amazonia\/","title":{"rendered":"Governo autoriza uso da For\u00e7a Nacional na Amaz\u00f4nia"},"content":{"rendered":"\n<p>O Minist\u00e9rio da Justi\u00e7a autorizou nesta quinta-feira o uso da For\u00e7a Nacional de Seguran\u00e7a (FNS) para apoiar a\u00e7\u00f5es de fiscaliza\u00e7\u00e3o do Ibama contra o desmatamento ilegal na Amaz\u00f4nia, no momento em que a opera\u00e7\u00e3o de Garantia da Lei e da Ordem (GLO) na regi\u00e3o \u00e9 encerrada.<\/p>\n\n\n\n<p>De acordo com o Minist\u00e9rio da Justi\u00e7a, a For\u00e7a ir\u00e1 atuar por 260 dias &#8211;at\u00e9 janeiro de 2022, mas podendo ser estendido&#8211; na seguran\u00e7a das equipes do Ibama que fazem a fiscaliza\u00e7\u00e3o contra desmatamento e queimadas na regi\u00e3o. <\/p>\n\n\n\n<p>O uso da FNS \u00e9 um dos planos do ministro do Meio Ambiente, Ricardo Salles, para aumentar a fiscaliza\u00e7\u00e3o. Em entrevista \u00e0 Reuters, o ministro afirmou que parte dos recursos que o governo brasileiro pede aos Estados Unidos e outros pa\u00edses seria usado para financiar o uso da For\u00e7a em a\u00e7\u00f5es mais permanentes de fiscaliza\u00e7\u00e3o.<\/p>\n\n\n\n<p>A ideia \u00e9 vista com ressalvas por ambientalistas diante da perda de capacidade das ag\u00eancias ambientais, mas Salles argumenta que \u00e9 uma maneira de ampliar rapidamente o poder de fiscaliza\u00e7\u00e3o.<\/p>\n\n\n\n<p>A For\u00e7a Nacional come\u00e7a a operar no momento em que se encerra a GLO que levou os militares a agir na regi\u00e3o desde maio do ano passado. A opera\u00e7\u00e3o Verde Brasil se encerra na sexta-feira e n\u00e3o h\u00e1 decis\u00e3o, por enquanto de retom\u00e1-la.<\/p>\n\n\n\n<p>Coordenador do Conselho Nacional da Amaz\u00f4nia, o vice-presidente Hamilton Mour\u00e3o j\u00e1 afirmou que se estuda uma retomada, pelo menos at\u00e9 julho, mas em uma vers\u00e3o mais reduzida. O foco seria em 11 munic\u00edpios que concentram os maiores \u00edndices de desmatamento do pa\u00eds.<\/p>\n\n\n\n<p>Entre agosto de 2019 e 2020, a regi\u00e3o perdeu mais 11.088 quil\u00f4metros quadrados de floresta, o maior \u00edndice de desmatamento dos \u00faltimos 12 anos.<\/p>\n","protected":false},"excerpt":{"rendered":"<p>O Minist\u00e9rio da Justi\u00e7a autorizou nesta quinta-feira o uso da For\u00e7a Nacional de Seguran\u00e7a (FNS) para apoiar a\u00e7\u00f5es de fiscaliza\u00e7\u00e3o<\/p>\n","protected":false},"author":1,"featured_media":739,"comment_status":"closed","ping_status":"closed","sticky":false,"template":"","format":"standard","meta":{"colormag_page_container_layout":"default_layout","colormag_page_sidebar_layout":"default_layout","footnotes":""},"categories":[16],"tags":[],"class_list":["post-738","post","type-post","status-publish","format-standard","has-post-thumbnail","hentry","category-politica"],"aioseo_notices":[],"_links":{"self":[{"href":"https:\/\/portalr3.online\/index.php\/wp-json\/wp\/v2\/posts\/738","targetHints":{"allow":["GET"]}}],"collection":[{"href":"https:\/\/portalr3.online\/index.php\/wp-json\/wp\/v2\/posts"}],"about":[{"href":"https:\/\/portalr3.online\/index.php\/wp-json\/wp\/v2\/types\/post"}],"author":[{"embeddable":true,"href":"https:\/\/portalr3.online\/index.php\/wp-json\/wp\/v2\/users\/1"}],"replies":[{"embeddable":true,"href":"https:\/\/portalr3.online\/index.php\/wp-json\/wp\/v2\/comments?post=738"}],"version-history":[{"count":0,"href":"https:\/\/portalr3.online\/index.php\/wp-json\/wp\/v2\/posts\/738\/revisions"}],"wp:featuredmedia":[{"embeddable":true,"href":"https:\/\/portalr3.online\/index.php\/wp-json\/wp\/v2\/media\/739"}],"wp:attachment":[{"href":"https:\/\/portalr3.online\/index.php\/wp-json\/wp\/v2\/media?parent=738"}],"wp:term":[{"taxonomy":"category","embeddable":true,"href":"https:\/\/portalr3.online\/index.php\/wp-json\/wp\/v2\/categories?post=738"},{"taxonomy":"post_tag","embeddable":true,"href":"https:\/\/portalr3.online\/index.php\/wp-json\/wp\/v2\/tags?post=738"}],"curies":[{"name":"wp","href":"https:\/\/api.w.org\/{rel}","templated":true}]}}