{"id":735,"date":"2021-04-30T01:35:59","date_gmt":"2021-04-30T04:35:59","guid":{"rendered":"https:\/\/redacaolivre.com\/?p=735"},"modified":"2021-04-30T01:35:59","modified_gmt":"2021-04-30T04:35:59","slug":"segundo-plano-de-trabalho-cpi-da-covid-tera-governo-no-foco","status":"publish","type":"post","link":"https:\/\/portalr3.online\/index.php\/2021\/04\/30\/segundo-plano-de-trabalho-cpi-da-covid-tera-governo-no-foco\/","title":{"rendered":"Segundo plano de trabalho, CPI da Covid ter\u00e1 governo no foco"},"content":{"rendered":"\n<p>Em coletiva de imprensa, Renan destacou que o plano de trabalho \u00e9 &#8220;gen\u00e9rico&#8221; e que n\u00e3o vai limitar a atua\u00e7\u00e3o da CPI. At\u00e9 por isso, o relator n\u00e3o pretende colocar o documento para vota\u00e7\u00e3o, contrariando o que geralmente \u00e9 feito em comiss\u00f5es de investiga\u00e7\u00e3o. Em sess\u00e3o nesta quinta-feira, 29, os senadores aprovaram a convoca\u00e7\u00e3o de ex-ministros da Sa\u00fade do governo e do atual chefe da pasta, Marcelo Queiroga, al\u00e9m de uma s\u00e9rie de requerimentos de informa\u00e7\u00f5es de governistas e oposicionistas.<\/p>\n\n\n\n<p>O plano do relator prev\u00ea investigar as a\u00e7\u00f5es de combate \u00e0 pandemia no governo federal, como compra de vacinas e incentivo a medicamentos sem efic\u00e1cia comprovada, o colapso da sa\u00fade no Amazonas e o envio de verbas a Estados e munic\u00edpios. Nessa \u00faltima parte, o documento apresentado pelo relator define que o objetivo da CPI ser\u00e1 investigar os crit\u00e9rios de repasse de recursos federais para os governos estaduais e municipais, excluindo os atos de governadores e prefeitos com o dinheiro. A tentativa \u00e9 evitar que eles sejam investigados, como quer o presidente Jair Bolsonaro.<\/p>\n\n\n\n<p>Ao apresentar o plano de trabalho da CPI da Covid, o relator criticou as manobras do governo para adiar o andamento da investiga\u00e7\u00e3o da qual \u00e9 relator no Senado. Ele chamou a cria\u00e7\u00e3o de sub-relatorias, uma demanda de governistas para dividir a fun\u00e7\u00e3o de Renan, de &#8220;obra de fic\u00e7\u00e3o&#8221;. &#8220;O objetivo do plano \u00e9 n\u00e3o limitar a investiga\u00e7\u00e3o. N\u00f3s investigaremos tudo que for necess\u00e1rio investigar, levando-se em considera\u00e7\u00e3o o despacho do presidente do Senado e nossa compet\u00eancia&#8221;, disse. &#8220;Se for necess\u00e1rio criar as sub-relatorias, vamos criar. O problema da sub-relatoria \u00e9 uma fic\u00e7\u00e3o. Houve uma tentativa para dispers\u00e3o do foco da CPI.&#8221;<\/p>\n\n\n\n<p>O vice-presidente da CPI, Randolfe Rodrigues (Rede-AP), refor\u00e7ou as cr\u00edticas ao Pal\u00e1cio do Planalto. Documentos apresentados por senadores aliados de Bolsonaro para dividir o foco da investiga\u00e7\u00e3o tinham a autoria de uma assessora da Secretaria de Governo da Presid\u00eancia da Rep\u00fablica. &#8220;N\u00e3o admitiremos que a CPI sofra interfer\u00eancia externa&#8221;, disse Randolfe. O senador afirmou que os governistas, neste caso, poderiam ser declarados suspeitos para compor a CPI &#8211; questionamento que, segundo ele, n\u00e3o ser\u00e1 levantado. Para Randolfe, esse epis\u00f3dio deve &#8220;sepultar pretens\u00e3o protelat\u00f3ria&#8221;.<\/p>\n","protected":false},"excerpt":{"rendered":"<p>Em coletiva de imprensa, Renan destacou que o plano de trabalho \u00e9 &#8220;gen\u00e9rico&#8221; e que n\u00e3o vai limitar a atua\u00e7\u00e3o<\/p>\n","protected":false},"author":1,"featured_media":736,"comment_status":"closed","ping_status":"closed","sticky":false,"template":"","format":"standard","meta":{"colormag_page_container_layout":"default_layout","colormag_page_sidebar_layout":"default_layout","footnotes":""},"categories":[16],"tags":[],"class_list":["post-735","post","type-post","status-publish","format-standard","has-post-thumbnail","hentry","category-politica"],"aioseo_notices":[],"_links":{"self":[{"href":"https:\/\/portalr3.online\/index.php\/wp-json\/wp\/v2\/posts\/735","targetHints":{"allow":["GET"]}}],"collection":[{"href":"https:\/\/portalr3.online\/index.php\/wp-json\/wp\/v2\/posts"}],"about":[{"href":"https:\/\/portalr3.online\/index.php\/wp-json\/wp\/v2\/types\/post"}],"author":[{"embeddable":true,"href":"https:\/\/portalr3.online\/index.php\/wp-json\/wp\/v2\/users\/1"}],"replies":[{"embeddable":true,"href":"https:\/\/portalr3.online\/index.php\/wp-json\/wp\/v2\/comments?post=735"}],"version-history":[{"count":0,"href":"https:\/\/portalr3.online\/index.php\/wp-json\/wp\/v2\/posts\/735\/revisions"}],"wp:featuredmedia":[{"embeddable":true,"href":"https:\/\/portalr3.online\/index.php\/wp-json\/wp\/v2\/media\/736"}],"wp:attachment":[{"href":"https:\/\/portalr3.online\/index.php\/wp-json\/wp\/v2\/media?parent=735"}],"wp:term":[{"taxonomy":"category","embeddable":true,"href":"https:\/\/portalr3.online\/index.php\/wp-json\/wp\/v2\/categories?post=735"},{"taxonomy":"post_tag","embeddable":true,"href":"https:\/\/portalr3.online\/index.php\/wp-json\/wp\/v2\/tags?post=735"}],"curies":[{"name":"wp","href":"https:\/\/api.w.org\/{rel}","templated":true}]}}