{"id":732,"date":"2021-04-30T01:31:09","date_gmt":"2021-04-30T04:31:09","guid":{"rendered":"https:\/\/redacaolivre.com\/?p=732"},"modified":"2021-04-30T01:31:09","modified_gmt":"2021-04-30T04:31:09","slug":"beneficiado-por-prisao-domiciliar-em-pandemia-eduardo-cunha-arquiteta-como-anular-sua-condenacao","status":"publish","type":"post","link":"https:\/\/portalr3.online\/index.php\/2021\/04\/30\/beneficiado-por-prisao-domiciliar-em-pandemia-eduardo-cunha-arquiteta-como-anular-sua-condenacao\/","title":{"rendered":"BENEFICIADO POR PRIS\u00c3O DOMICILIAR EM PANDEMIA, EDUARDO CUNHA ARQUITETA COMO ANULAR SUA CONDENA\u00c7\u00c3O"},"content":{"rendered":"\n<p>Em casa depois de tr\u00eas anos e cinco meses na cadeia, ex-presidente da C\u00e2mara dos Deputados minimiza seus atos de corrup\u00e7\u00e3o para defender tese de retalia\u00e7\u00e3o pol\u00edtica por sua participa\u00e7\u00e3o em impeachment de Dilma Rousseff<\/p>\n\n\n\n<p>Ser chamado de \u201cpresidente\u201d por parentes, empregados e visitantes eventuais \u00e9 um dos poucos vest\u00edgios do passado influente. Em casa desde 26 de mar\u00e7o, em pris\u00e3o domiciliar autorizada pela Justi\u00e7a Federal do Paran\u00e1 por causa da pandemia do coronav\u00edrus depois de quase tr\u00eas anos e meio preso, Eduardo Cunha v\u00ea agora a pol\u00edtica pela tela da TV permanentemente ligada na varanda nos fundos da casa. Limita-se a coment\u00e1rios vagos, do tipo \u201co pa\u00eds vai muito mal, as empresas v\u00e3o quebrar\u201d. O melhor de sua energia, no t\u00e9dio do c\u00e1rcere dom\u00e9stico, vai para os processos e livros de Direito espalhados pela ampla mesa onde trabalha boa parte do dia. Sua maior obsess\u00e3o \u00e9 encontrar uma tese jur\u00eddica que suspenda a \u00fanica pris\u00e3o preventiva ainda vigente, da 13\u00aa Vara Federal de Curitiba, para finalmente cruzar em liberdade os port\u00f5es do condom\u00ednio onde mora, na Barra da Tijuca, Rio de Janeiro, e revelar o rumo que pretende tomar na vida.<\/p>\n","protected":false},"excerpt":{"rendered":"<p>Em casa depois de tr\u00eas anos e cinco meses na cadeia, ex-presidente da C\u00e2mara dos Deputados minimiza seus atos de<\/p>\n","protected":false},"author":1,"featured_media":733,"comment_status":"closed","ping_status":"closed","sticky":false,"template":"","format":"standard","meta":{"colormag_page_container_layout":"default_layout","colormag_page_sidebar_layout":"default_layout","footnotes":""},"categories":[16],"tags":[],"class_list":["post-732","post","type-post","status-publish","format-standard","has-post-thumbnail","hentry","category-politica"],"aioseo_notices":[],"_links":{"self":[{"href":"https:\/\/portalr3.online\/index.php\/wp-json\/wp\/v2\/posts\/732","targetHints":{"allow":["GET"]}}],"collection":[{"href":"https:\/\/portalr3.online\/index.php\/wp-json\/wp\/v2\/posts"}],"about":[{"href":"https:\/\/portalr3.online\/index.php\/wp-json\/wp\/v2\/types\/post"}],"author":[{"embeddable":true,"href":"https:\/\/portalr3.online\/index.php\/wp-json\/wp\/v2\/users\/1"}],"replies":[{"embeddable":true,"href":"https:\/\/portalr3.online\/index.php\/wp-json\/wp\/v2\/comments?post=732"}],"version-history":[{"count":0,"href":"https:\/\/portalr3.online\/index.php\/wp-json\/wp\/v2\/posts\/732\/revisions"}],"wp:featuredmedia":[{"embeddable":true,"href":"https:\/\/portalr3.online\/index.php\/wp-json\/wp\/v2\/media\/733"}],"wp:attachment":[{"href":"https:\/\/portalr3.online\/index.php\/wp-json\/wp\/v2\/media?parent=732"}],"wp:term":[{"taxonomy":"category","embeddable":true,"href":"https:\/\/portalr3.online\/index.php\/wp-json\/wp\/v2\/categories?post=732"},{"taxonomy":"post_tag","embeddable":true,"href":"https:\/\/portalr3.online\/index.php\/wp-json\/wp\/v2\/tags?post=732"}],"curies":[{"name":"wp","href":"https:\/\/api.w.org\/{rel}","templated":true}]}}