{"id":7311,"date":"2021-06-16T12:11:34","date_gmt":"2021-06-16T15:11:34","guid":{"rendered":"https:\/\/noticiasdodia.online\/?p=7311"},"modified":"2021-06-16T12:11:34","modified_gmt":"2021-06-16T15:11:34","slug":"conta-de-luz-entenda-por-que-ela-esta-mais-cara-e-por-que-deve-continuar-a-subir","status":"publish","type":"post","link":"https:\/\/portalr3.online\/index.php\/2021\/06\/16\/conta-de-luz-entenda-por-que-ela-esta-mais-cara-e-por-que-deve-continuar-a-subir\/","title":{"rendered":"Conta de luz: entenda por que ela est\u00e1 mais cara, e por que deve continuar a subir"},"content":{"rendered":"\n<p>Energia el\u00e9trica foi o item que mais pesou na infla\u00e7\u00e3o oficial do pa\u00eds; entenda por que a maior crise h\u00eddrica em mais de 90 anos pesa tanto no bolso do consumidor.<\/p>\n\n\n\n<p>A energia el\u00e9trica foi o item de maior peso na \u00faltima divulga\u00e7\u00e3o da infla\u00e7\u00e3o oficial do pa\u00eds. Apenas no m\u00eas passado,\u00a0<strong>a alta foi de 5,37%, o que correspondeu a 0,23 ponto percentual do \u00cdndice Nacional de Pre\u00e7os ao Consumidor Amplo (IPCA) de maio<\/strong>.<\/p>\n\n\n\n<p>E se os brasileiros sentiram o aumento da conta de luz no bolso,\u00a0<strong>a tend\u00eancia \u00e9 de piora<\/strong>. Maio foi o m\u00eas em que passou a vigorar a bandeira tarif\u00e1ria vermelha patamar 1, que acrescenta R$ 4,169 na conta de luz a cada 100 kWh consumidos ao m\u00eas.\u00a0<strong>Mas, neste m\u00eas, a tarifa passou a considerar o patamar 2, que adiciona R$ 6,243 na conta para cada 100 kWh.<\/strong><\/p>\n\n\n\n<p>Por que a conta de luz est\u00e1 mais alta?<\/p>\n\n\n\n<p>Com a crise h\u00eddrica e queda do n\u00edvel dos reservat\u00f3rios de hidrel\u00e9tricas, a oferta de energia \u00e9 compensada por usinas termel\u00e9tricas. O custo de gera\u00e7\u00e3o fica mais alto e esse pre\u00e7o \u00e9 repassado ao consumidor.<\/p>\n\n\n\n<p>Para compensar esse gasto, foi adotada a bandeira vermelha patamar 2, n\u00edvel m\u00e1ximo de cobran\u00e7a extra aos consumidores.<\/p>\n\n\n\n<h2 class=\"wp-block-heading\">O que s\u00e3o as bandeiras tarif\u00e1rias?<\/h2>\n\n\n\n<p>Para incentivar a economia de energia, o pa\u00eds tem um sistema de aumento da cobran\u00e7a que se move de acordo com a condi\u00e7\u00e3o dos reservat\u00f3rios. Essas divis\u00f5es foram chamadas de bandeiras tarif\u00e1rias.<\/p>\n\n\n\n<p>Quando as condi\u00e7\u00f5es de produ\u00e7\u00e3o pioram, h\u00e1 uma mudan\u00e7a de fase, definida sempre pela Aneel. S\u00e3o quatro n\u00edveis:<\/p>\n\n\n\n<ul class=\"wp-block-list\"><li><strong>Bandeira verde:<\/strong>&nbsp;n\u00e3o gera cobran\u00e7a extra no consumo de energia.<\/li><li><strong>Bandeira amarela:<\/strong>&nbsp;gera tarifa extra de&nbsp;<strong>R$ 1,343<\/strong>&nbsp;para cada 100 kWh consumidos no m\u00eas.<\/li><li><strong>Bandeira vermelha, patamar 1:&nbsp;<\/strong>a cobran\u00e7a extra \u00e9 de&nbsp;<strong>R$ 4,169<\/strong>&nbsp;a cada 100 kWh.<\/li><li><strong>Bandeira vermelha, patamar 2:&nbsp;<\/strong>adicional sobe para&nbsp;<strong>R$ 6,243<\/strong>&nbsp;na conta para cada 100 kWh.<\/li><\/ul>\n","protected":false},"excerpt":{"rendered":"<p>Energia el\u00e9trica foi o item que mais pesou na infla\u00e7\u00e3o oficial do pa\u00eds; entenda por que a maior crise h\u00eddrica<\/p>\n","protected":false},"author":1,"featured_media":7312,"comment_status":"open","ping_status":"open","sticky":false,"template":"","format":"standard","meta":{"colormag_page_container_layout":"default_layout","colormag_page_sidebar_layout":"default_layout","footnotes":""},"categories":[727],"tags":[],"class_list":["post-7311","post","type-post","status-publish","format-standard","has-post-thumbnail","hentry","category-seu-bolso"],"aioseo_notices":[],"_links":{"self":[{"href":"https:\/\/portalr3.online\/index.php\/wp-json\/wp\/v2\/posts\/7311","targetHints":{"allow":["GET"]}}],"collection":[{"href":"https:\/\/portalr3.online\/index.php\/wp-json\/wp\/v2\/posts"}],"about":[{"href":"https:\/\/portalr3.online\/index.php\/wp-json\/wp\/v2\/types\/post"}],"author":[{"embeddable":true,"href":"https:\/\/portalr3.online\/index.php\/wp-json\/wp\/v2\/users\/1"}],"replies":[{"embeddable":true,"href":"https:\/\/portalr3.online\/index.php\/wp-json\/wp\/v2\/comments?post=7311"}],"version-history":[{"count":0,"href":"https:\/\/portalr3.online\/index.php\/wp-json\/wp\/v2\/posts\/7311\/revisions"}],"wp:featuredmedia":[{"embeddable":true,"href":"https:\/\/portalr3.online\/index.php\/wp-json\/wp\/v2\/media\/7312"}],"wp:attachment":[{"href":"https:\/\/portalr3.online\/index.php\/wp-json\/wp\/v2\/media?parent=7311"}],"wp:term":[{"taxonomy":"category","embeddable":true,"href":"https:\/\/portalr3.online\/index.php\/wp-json\/wp\/v2\/categories?post=7311"},{"taxonomy":"post_tag","embeddable":true,"href":"https:\/\/portalr3.online\/index.php\/wp-json\/wp\/v2\/tags?post=7311"}],"curies":[{"name":"wp","href":"https:\/\/api.w.org\/{rel}","templated":true}]}}