{"id":7301,"date":"2021-05-21T11:50:45","date_gmt":"2021-05-21T14:50:45","guid":{"rendered":"https:\/\/portalnarede.com.br\/?p=7301"},"modified":"2021-05-21T11:50:45","modified_gmt":"2021-05-21T14:50:45","slug":"foco-de-incendio-acomete-loja-de-embalagens-pela-terceira-vez-na-mesma-semana-no-tabuleiro-dos-martins","status":"publish","type":"post","link":"https:\/\/portalr3.online\/index.php\/2021\/05\/21\/foco-de-incendio-acomete-loja-de-embalagens-pela-terceira-vez-na-mesma-semana-no-tabuleiro-dos-martins\/","title":{"rendered":"Foco de inc\u00eandio acomete loja de embalagens pela terceira vez na mesma semana no Tabuleiro dos Martins"},"content":{"rendered":"\n<p><em>Imagem: Reprodu\u00e7\u00e3o O Dia Mais <\/em><\/p>\n\n\n\n<p><em>*Jo\u00e3o Pedro Magnani &#8211; estagi\u00e1rio sob supervis\u00e3o <\/em><\/p>\n\n\n\n<p>O Corpo de Bombeiros Militar de Alagoas foi acionado, pela terceira vez nesta semana, para acabar com um foco de inc\u00eandio em uma loja de embalagens. Nesta sexta-feira (21), as chamas n\u00e3o tomaram grandes propor\u00e7\u00f5es como no in\u00edcio da semana. A loja fica localizada em um movimentado ponto comercial no bairro do Tabuleiro dos Martins.<\/p>\n\n\n\n<p>Na \u00faltima segunda-feira (17), um inc\u00eandio de grandes tomou conta do estabelecimento. Contudo, apenas danos mat\u00e9rias foram causados.<\/p>\n\n\n\n<p>Na madrugada de quarta-feira (19), a loja tamb\u00e9m sofreu com um foco de inc\u00eandio. Porem, assim como hoje, a r\u00e1pida a\u00e7\u00e3o do Corpo de &nbsp;Bombeiros eliminou a possibilidade de maiores estragos.&nbsp;<\/p>\n","protected":false},"excerpt":{"rendered":"<p>Imagem: Reprodu\u00e7\u00e3o O Dia Mais *Jo\u00e3o Pedro Magnani &#8211; estagi\u00e1rio sob supervis\u00e3o O Corpo de Bombeiros Militar de Alagoas foi<\/p>\n","protected":false},"author":1,"featured_media":0,"comment_status":"open","ping_status":"open","sticky":false,"template":"","format":"standard","meta":{"colormag_page_container_layout":"default_layout","colormag_page_sidebar_layout":"default_layout","footnotes":""},"categories":[350],"tags":[188,189,726],"class_list":["post-7301","post","type-post","status-publish","format-standard","hentry","category-destaque","tag-corpo-de-bombeiros","tag-incendio","tag-tabuleiro-do-martins"],"aioseo_notices":[],"_links":{"self":[{"href":"https:\/\/portalr3.online\/index.php\/wp-json\/wp\/v2\/posts\/7301","targetHints":{"allow":["GET"]}}],"collection":[{"href":"https:\/\/portalr3.online\/index.php\/wp-json\/wp\/v2\/posts"}],"about":[{"href":"https:\/\/portalr3.online\/index.php\/wp-json\/wp\/v2\/types\/post"}],"author":[{"embeddable":true,"href":"https:\/\/portalr3.online\/index.php\/wp-json\/wp\/v2\/users\/1"}],"replies":[{"embeddable":true,"href":"https:\/\/portalr3.online\/index.php\/wp-json\/wp\/v2\/comments?post=7301"}],"version-history":[{"count":0,"href":"https:\/\/portalr3.online\/index.php\/wp-json\/wp\/v2\/posts\/7301\/revisions"}],"wp:attachment":[{"href":"https:\/\/portalr3.online\/index.php\/wp-json\/wp\/v2\/media?parent=7301"}],"wp:term":[{"taxonomy":"category","embeddable":true,"href":"https:\/\/portalr3.online\/index.php\/wp-json\/wp\/v2\/categories?post=7301"},{"taxonomy":"post_tag","embeddable":true,"href":"https:\/\/portalr3.online\/index.php\/wp-json\/wp\/v2\/tags?post=7301"}],"curies":[{"name":"wp","href":"https:\/\/api.w.org\/{rel}","templated":true}]}}