{"id":7298,"date":"2021-05-21T11:22:31","date_gmt":"2021-05-21T14:22:31","guid":{"rendered":"https:\/\/portalnarede.com.br\/?p=7298"},"modified":"2021-05-21T11:22:31","modified_gmt":"2021-05-21T14:22:31","slug":"sao-sebastiao-homem-diz-ser-colecionador-mas-acaba-preso-por-porte-ilegal-de-arma","status":"publish","type":"post","link":"https:\/\/portalr3.online\/index.php\/2021\/05\/21\/sao-sebastiao-homem-diz-ser-colecionador-mas-acaba-preso-por-porte-ilegal-de-arma\/","title":{"rendered":"S\u00e3o Sebasti\u00e3o: Homem diz ser colecionador, mas acaba preso por porte ilegal de arma"},"content":{"rendered":"\n<p><em>Imagem: PRF<\/em><\/p>\n\n\n\n<p><em>*Jo\u00e3o Pedro Magnani -estagi\u00e1rio sob supervis\u00e3o<\/em><\/p>\n\n\n\n<p>A Pol\u00edcia Rodovi\u00e1ria Federal (PRF) prendeu, nessa quinta-feira (20), um homem por porte ilegal de arma de fogo. Apesar de alegar ser Colecionador, Atirador e Ca\u00e7ador (CAC), o indiv\u00edduo n\u00e3o possu\u00eda nenhuma documenta\u00e7\u00e3o legal para o porte da arma. O fato se deu no munic\u00edpio de S\u00e3o Sebasti\u00e3o, Alagoas.<\/p>\n\n\n\n<p>O homem, que conduzia uma ve\u00edculo Volkswagen Polo, portava um rev\u00f3lver da marca Taurus, calibre .375 e 10 muni\u00e7\u00f5es de mesmo calibre.<\/p>\n\n\n\n<p>Durante a abordagem, realizada pelos agentes federais no Km 205 da BR-101, \u00e0s 21h30, o indiv\u00edduo ainda afirmou ter treinamento com a arma que estava portando.<\/p>\n\n\n\n<p>Apesar das alega\u00e7\u00f5es do condutor, o mesmo foi encaminhado \u00e0 Delegacia de Pol\u00edcia Civil de S\u00e3o Miguel dos Campos, devido a falta de documenta\u00e7\u00e3o, para a realiza\u00e7\u00e3o dos procedimentos cab\u00edveis.<\/p>\n","protected":false},"excerpt":{"rendered":"<p>Imagem: PRF *Jo\u00e3o Pedro Magnani -estagi\u00e1rio sob supervis\u00e3o A Pol\u00edcia Rodovi\u00e1ria Federal (PRF) prendeu, nessa quinta-feira (20), um homem por<\/p>\n","protected":false},"author":1,"featured_media":7299,"comment_status":"open","ping_status":"open","sticky":false,"template":"","format":"standard","meta":{"colormag_page_container_layout":"default_layout","colormag_page_sidebar_layout":"default_layout","footnotes":""},"categories":[519],"tags":[138,161,162],"class_list":["post-7298","post","type-post","status-publish","format-standard","has-post-thumbnail","hentry","category-ultimas","tag-arma-de-fogo","tag-br-101","tag-prf"],"aioseo_notices":[],"_links":{"self":[{"href":"https:\/\/portalr3.online\/index.php\/wp-json\/wp\/v2\/posts\/7298","targetHints":{"allow":["GET"]}}],"collection":[{"href":"https:\/\/portalr3.online\/index.php\/wp-json\/wp\/v2\/posts"}],"about":[{"href":"https:\/\/portalr3.online\/index.php\/wp-json\/wp\/v2\/types\/post"}],"author":[{"embeddable":true,"href":"https:\/\/portalr3.online\/index.php\/wp-json\/wp\/v2\/users\/1"}],"replies":[{"embeddable":true,"href":"https:\/\/portalr3.online\/index.php\/wp-json\/wp\/v2\/comments?post=7298"}],"version-history":[{"count":0,"href":"https:\/\/portalr3.online\/index.php\/wp-json\/wp\/v2\/posts\/7298\/revisions"}],"wp:featuredmedia":[{"embeddable":true,"href":"https:\/\/portalr3.online\/index.php\/wp-json\/wp\/v2\/media\/7299"}],"wp:attachment":[{"href":"https:\/\/portalr3.online\/index.php\/wp-json\/wp\/v2\/media?parent=7298"}],"wp:term":[{"taxonomy":"category","embeddable":true,"href":"https:\/\/portalr3.online\/index.php\/wp-json\/wp\/v2\/categories?post=7298"},{"taxonomy":"post_tag","embeddable":true,"href":"https:\/\/portalr3.online\/index.php\/wp-json\/wp\/v2\/tags?post=7298"}],"curies":[{"name":"wp","href":"https:\/\/api.w.org\/{rel}","templated":true}]}}