{"id":7287,"date":"2021-05-21T10:25:38","date_gmt":"2021-05-21T13:25:38","guid":{"rendered":"https:\/\/portalnarede.com.br\/?p=7287"},"modified":"2021-05-21T10:25:38","modified_gmt":"2021-05-21T13:25:38","slug":"artistas-das-periferias-de-maceio-lancam-site-premiado-na-lei-aldir-blanc","status":"publish","type":"post","link":"https:\/\/portalr3.online\/index.php\/2021\/05\/21\/artistas-das-periferias-de-maceio-lancam-site-premiado-na-lei-aldir-blanc\/","title":{"rendered":"Artistas das periferias de Macei\u00f3 lan\u00e7am site premiado na Lei Aldir Blanc"},"content":{"rendered":"\n<p><em>*Divulga\u00e7\u00e3o<\/em><\/p>\n\n\n\n<p>Portal re\u00fane podcast, mat\u00e9rias especiais, playlist e conte\u00fado audiovisual sobre as produ\u00e7\u00f5es art\u00edsticas perif\u00e9ricas; lan\u00e7amento acontece 21 de maio<\/p>\n\n\n\n<p>O selo independente multiplataforma Loitxa Lab, organizado por Janderson Felipe, Jean Albuquerque, Lucas Litrento e Richard Pl\u00e1cido, lan\u00e7a nesta, sexta-feira (21) o site do projeto (loitxalab.com.br), que re\u00fane diversos conte\u00fados como: podcasts, produ\u00e7\u00e3o audiovisual, playlists e mat\u00e9rias especiais sobre as obras art\u00edsticas das periferias de Alagoas, com programa\u00e7\u00e3o que se estender\u00e1 ao longo do ano.<\/p>\n\n\n\n<p>A ideia do selo \u00e9 centralizar vozes e corpos marginais do cen\u00e1rio art\u00edstico brasileiro no portal. A iniciativa conta o apoio financeiro do Edital Dinho Oliveira, promovido pela Secretaria de Estado da Cultura de Alagoas (Secult\/AL), por meio da Lei de Emerg\u00eancia Cultural Aldir Blanc (Lei n\u00ba 14.017\/2020).<\/p>\n\n\n\n<p>\u201cO edital \u00e9 o pontap\u00e9 inicial do nosso projeto, o intuito \u00e9 o de avan\u00e7armos cada vez mais. Fazer da Loitxa uma palavra corriqueira na vida de voc\u00eas, sejam daqui da nossa cidade ou de longe; fazer da Loitxa um dizer muito bem repetido. Porque vai muito al\u00e9m do lan\u00e7amento de uma marca\u201d, argumenta Richard Pl\u00e1cido, um dos idealizadores.<\/p>\n\n\n\n<p>O selo ainda promover\u00e1 cursos, eventos colaborativos, rodas de conversa, apresenta\u00e7\u00f5es culturais, reportagens de jornalismo cultural, al\u00e9m de parcerias com os demais grupos e coletivos culturais. A Loitxa Lab atuar\u00e1 tamb\u00e9m no segmento liter\u00e1rio, editando obras produzidas por escritoras e escritores de Alagoas.<\/p>\n\n\n\n<p>OS IDEALIZADORES<\/p>\n\n\n\n<p>Janderson Felipe<\/p>\n\n\n\n<p>\u00c9 pesquisador, realizador audiovisual e produtor cultural. Dirigiu os filmes 3 Mercados (2014) e Sangue-Mulher (2016), este \u00faltimo vencedor do pr\u00eamio Olhar Cr\u00edtico na VII Mostra Sururu de Cinema Alagoano. \u00c9 colaborador do site Alagoar e membro do Mirante Cineclube. Assina, com Lucas Litrento, o roteiro e a dire\u00e7\u00e3o do curta Samuel foi trabalhar (em produ\u00e7\u00e3o).<\/p>\n\n\n\n<p>Jean Albuquerque<\/p>\n\n\n\n<p>\u00c9 Jornalista e escritor. Publicou os livros: Meu peito \u00e9 um caminh\u00e3o de mudan\u00e7a abarrotado com todas as lembran\u00e7as que voc\u00ea deixou (Selo Oxenti Records, 2016), Os deuses est\u00e3o embriagados de u\u00edsque falsificado (Selo Sirva-se Edi\u00e7\u00f5es Alternativas, 2017) e A ressaca do mar trincou meus ossos (Selo Loitxa Lab, 2021). Editor do site: O que os Olhos N\u00e3o Veem. Estudante de Letras \u2013 Portugu\u00eas, da Universidade Federal de Alagoas, Ufal.<\/p>\n\n\n\n<p>Lucas Litrento<\/p>\n\n\n\n<p>\u00c9 escritor, realizador cinematogr\u00e1fico e produtor cultural, vive em Macei\u00f3\/AL. Lan\u00e7ou os livros Os meninos iam pretos porque iam (Imprensa Oficial Graciliano Ramos, 2019), ROBYN (1TXW, 2020), zine de poesia, e TXOW (Edipucrs, 2020). Realizou o curta-metragem c\u00edrculos (1TXW, 2020). Assina, com Janderson Felipe, o roteiro e a dire\u00e7\u00e3o do curta Samuel foi trabalhar (em produ\u00e7\u00e3o).<\/p>\n\n\n\n<p>Richard Pl\u00e1cido<\/p>\n\n\n\n<p>\u00c9 escritor e mestre em Estudos Liter\u00e1rios (PPGLL\/UFAL). Publicou os livros Entre ratos &amp; outras m\u00e1quinas org\u00e2nicas (Imprensa Oficial Graciliano Ramos, 2016) e Da casa o nome (Of\u00e9lia edi\u00e7\u00f5es, 2019).<\/p>\n\n\n\n<p>SERVI\u00c7O<\/p>\n\n\n\n<p>O que: Lan\u00e7amento do site do selo Loitxa Lab<br>Onde: <a href=\"https:\/\/loitxalab.com.br\/\" target=\"_blank\" rel=\"noreferrer noopener\">https:\/\/loitxalab.com.br\/<\/a><br>Quando: 21 de Maio<br>Contato: contato@loitxalab.com.br<\/p>\n\n\n\n<p><\/p>\n","protected":false},"excerpt":{"rendered":"<p>*Divulga\u00e7\u00e3o Portal re\u00fane podcast, mat\u00e9rias especiais, playlist e conte\u00fado audiovisual sobre as produ\u00e7\u00f5es art\u00edsticas perif\u00e9ricas; lan\u00e7amento acontece 21 de maio<\/p>\n","protected":false},"author":1,"featured_media":7288,"comment_status":"open","ping_status":"open","sticky":false,"template":"","format":"standard","meta":{"colormag_page_container_layout":"default_layout","colormag_page_sidebar_layout":"default_layout","footnotes":""},"categories":[519],"tags":[37,724],"class_list":["post-7287","post","type-post","status-publish","format-standard","has-post-thumbnail","hentry","category-ultimas","tag-maceio","tag-periferia"],"aioseo_notices":[],"_links":{"self":[{"href":"https:\/\/portalr3.online\/index.php\/wp-json\/wp\/v2\/posts\/7287","targetHints":{"allow":["GET"]}}],"collection":[{"href":"https:\/\/portalr3.online\/index.php\/wp-json\/wp\/v2\/posts"}],"about":[{"href":"https:\/\/portalr3.online\/index.php\/wp-json\/wp\/v2\/types\/post"}],"author":[{"embeddable":true,"href":"https:\/\/portalr3.online\/index.php\/wp-json\/wp\/v2\/users\/1"}],"replies":[{"embeddable":true,"href":"https:\/\/portalr3.online\/index.php\/wp-json\/wp\/v2\/comments?post=7287"}],"version-history":[{"count":0,"href":"https:\/\/portalr3.online\/index.php\/wp-json\/wp\/v2\/posts\/7287\/revisions"}],"wp:featuredmedia":[{"embeddable":true,"href":"https:\/\/portalr3.online\/index.php\/wp-json\/wp\/v2\/media\/7288"}],"wp:attachment":[{"href":"https:\/\/portalr3.online\/index.php\/wp-json\/wp\/v2\/media?parent=7287"}],"wp:term":[{"taxonomy":"category","embeddable":true,"href":"https:\/\/portalr3.online\/index.php\/wp-json\/wp\/v2\/categories?post=7287"},{"taxonomy":"post_tag","embeddable":true,"href":"https:\/\/portalr3.online\/index.php\/wp-json\/wp\/v2\/tags?post=7287"}],"curies":[{"name":"wp","href":"https:\/\/api.w.org\/{rel}","templated":true}]}}