{"id":7280,"date":"2021-05-21T10:05:48","date_gmt":"2021-05-21T13:05:48","guid":{"rendered":"https:\/\/portalnarede.com.br\/?p=7280"},"modified":"2021-05-21T10:05:48","modified_gmt":"2021-05-21T13:05:48","slug":"edital-de-concurso-publico-para-policiais-penais-em-alagoas-dispoe-300-vagas","status":"publish","type":"post","link":"https:\/\/portalr3.online\/index.php\/2021\/05\/21\/edital-de-concurso-publico-para-policiais-penais-em-alagoas-dispoe-300-vagas\/","title":{"rendered":"Edital de concurso p\u00fablico para policiais penais em Alagoas disp\u00f5e 300 vagas"},"content":{"rendered":"\n<p>Inscri\u00e7\u00f5es a partir do dia 28 de maio se estendendo at\u00e9 2 de julho<\/p>\n\n\n\n<p>Foto: <\/p>\n\n\n\n<p>O Di\u00e1rio Oficial desta sexta-feira (20) foi publicado com mais uma oportunidade de vagas para os concurseiros. O edital do concurso para policiais penais foi divulgado, s\u00e3o 300 vagas para o cargo que paga R$3.800 de sal\u00e1rio mensal.<\/p>\n\n\n\n<p>Para se inscrever, o candidato precisa estar ligado nas datas, que s\u00e3o de 28 de maio at\u00e9 2 de julho deste ano. As inscri\u00e7\u00f5es ser\u00e3o feitas no site do Cebraspe (https:\/\/www.cebraspe.org.br\/concursos\/)<\/p>\n\n\n\n<p>O trabalho do policial penal consiste em zelar pela disciplina e seguran\u00e7a dos presidi\u00e1rios, evitando conflitos e fugas, e fiscalizar o comportamento de uma forma geral.<\/p>\n\n\n\n<p>O concurso seletivo \u00e9 formado por 4 etapas:<\/p>\n\n\n\n<ul class=\"wp-block-list\"><li>Teste de aptid\u00e3o f\u00edsica;<\/li><li>Avalia\u00e7\u00e3o m\u00e9dica das condi\u00e7\u00f5es de sa\u00fade f\u00edsica e mental;<\/li><li>Comprova\u00e7\u00e3o documental;<\/li><li>Investiga\u00e7\u00e3o social<\/li><\/ul>\n\n\n\n<p>As provas objetivas ser\u00e3o realizadas em Macei\u00f3 e Arapiraca. No entanto, os demais testes ser\u00e3o realizados na capital alagoana.<\/p>\n\n\n\n<p>A previs\u00e3o \u00e9 de que as provas do concurso sejam realizadas no dia 22 de agosto. J\u00e1 a divulga\u00e7\u00e3o do resultado final na prova objetiva e convoca\u00e7\u00e3o para o teste de aptid\u00e3o f\u00edsica devem acontecer no dia 17 de setembro.<\/p>\n","protected":false},"excerpt":{"rendered":"<p>Inscri\u00e7\u00f5es a partir do dia 28 de maio se estendendo at\u00e9 2 de julho Foto: O Di\u00e1rio Oficial desta sexta-feira<\/p>\n","protected":false},"author":1,"featured_media":7284,"comment_status":"open","ping_status":"open","sticky":false,"template":"","format":"standard","meta":{"colormag_page_container_layout":"default_layout","colormag_page_sidebar_layout":"default_layout","footnotes":""},"categories":[350],"tags":[663,719,720],"class_list":["post-7280","post","type-post","status-publish","format-standard","has-post-thumbnail","hentry","category-destaque","tag-concurso","tag-concurso-policia-penal","tag-concurso-publico"],"aioseo_notices":[],"_links":{"self":[{"href":"https:\/\/portalr3.online\/index.php\/wp-json\/wp\/v2\/posts\/7280","targetHints":{"allow":["GET"]}}],"collection":[{"href":"https:\/\/portalr3.online\/index.php\/wp-json\/wp\/v2\/posts"}],"about":[{"href":"https:\/\/portalr3.online\/index.php\/wp-json\/wp\/v2\/types\/post"}],"author":[{"embeddable":true,"href":"https:\/\/portalr3.online\/index.php\/wp-json\/wp\/v2\/users\/1"}],"replies":[{"embeddable":true,"href":"https:\/\/portalr3.online\/index.php\/wp-json\/wp\/v2\/comments?post=7280"}],"version-history":[{"count":0,"href":"https:\/\/portalr3.online\/index.php\/wp-json\/wp\/v2\/posts\/7280\/revisions"}],"wp:featuredmedia":[{"embeddable":true,"href":"https:\/\/portalr3.online\/index.php\/wp-json\/wp\/v2\/media\/7284"}],"wp:attachment":[{"href":"https:\/\/portalr3.online\/index.php\/wp-json\/wp\/v2\/media?parent=7280"}],"wp:term":[{"taxonomy":"category","embeddable":true,"href":"https:\/\/portalr3.online\/index.php\/wp-json\/wp\/v2\/categories?post=7280"},{"taxonomy":"post_tag","embeddable":true,"href":"https:\/\/portalr3.online\/index.php\/wp-json\/wp\/v2\/tags?post=7280"}],"curies":[{"name":"wp","href":"https:\/\/api.w.org\/{rel}","templated":true}]}}