{"id":7275,"date":"2021-05-21T09:17:54","date_gmt":"2021-05-21T12:17:54","guid":{"rendered":"https:\/\/portalnarede.com.br\/?p=7275"},"modified":"2021-05-21T09:17:54","modified_gmt":"2021-05-21T12:17:54","slug":"satuba-grave-acidente-entre-carro-e-caminhao-cacamba-deixa-um-morto-na-br-316-vitima-tinha-21-anos-e-morreu-no-local","status":"publish","type":"post","link":"https:\/\/portalr3.online\/index.php\/2021\/05\/21\/satuba-grave-acidente-entre-carro-e-caminhao-cacamba-deixa-um-morto-na-br-316-vitima-tinha-21-anos-e-morreu-no-local\/","title":{"rendered":"Satuba: Grave acidente entre carro e caminh\u00e3o ca\u00e7amba deixa um morto na BR-316; v\u00edtima tinha 21 anos e morreu no local"},"content":{"rendered":"\n<p><em>Imagem: ASCOM\/PRF<\/em><\/p>\n\n\n\n<p><em>*Jo\u00e3o Pedro Magnani &#8211; estagi\u00e1rio sob supervis\u00e3o<\/em><\/p>\n\n\n\n<p>Um grave acidente automobil\u00edstico, na manh\u00e3 desta sexta-feira (21), provocou a morte de um jovem no Km 268 da BR-316. Segundo informa\u00e7\u00f5es repassadas para a Unidade Operacional da Pol\u00edcia Rodovi\u00e1ria Federal em S\u00e3o Miguel dos Campos, a v\u00edtima veio a \u00f3bito ap\u00f3s uma colis\u00e3o entre o seu ve\u00edculo e um caminh\u00e3o ca\u00e7amba em Satuba.<\/p>\n\n\n\n<p>O jovem de 21 anos, morreu no local, antes mesmo dos primeiros socorros. A v\u00edtima conduzia um ve\u00edculo de passeio Volkswagen Polo.<\/p>\n\n\n\n<p>De acordo com a assessoria da PRF, o condutor do caminh\u00e3o se evadiu do local antes da chegada dos policiais.<\/p>\n\n\n\n<p>Equipes da Pol\u00edcia Rodovi\u00e1ria Federal se encaminham para o local. O tr\u00e2nsito na regi\u00e3o segue lento, por conta de curiosos.<\/p>\n","protected":false},"excerpt":{"rendered":"<p>Imagem: ASCOM\/PRF *Jo\u00e3o Pedro Magnani &#8211; estagi\u00e1rio sob supervis\u00e3o Um grave acidente automobil\u00edstico, na manh\u00e3 desta sexta-feira (21), provocou a<\/p>\n","protected":false},"author":1,"featured_media":7276,"comment_status":"open","ping_status":"open","sticky":false,"template":"","format":"standard","meta":{"colormag_page_container_layout":"default_layout","colormag_page_sidebar_layout":"default_layout","footnotes":""},"categories":[718],"tags":[53,371,55,43,372],"class_list":["post-7275","post","type-post","status-publish","format-standard","has-post-thumbnail","hentry","category-super","tag-acidente","tag-br-316-2","tag-colisao","tag-motorista","tag-satuba"],"aioseo_notices":[],"_links":{"self":[{"href":"https:\/\/portalr3.online\/index.php\/wp-json\/wp\/v2\/posts\/7275","targetHints":{"allow":["GET"]}}],"collection":[{"href":"https:\/\/portalr3.online\/index.php\/wp-json\/wp\/v2\/posts"}],"about":[{"href":"https:\/\/portalr3.online\/index.php\/wp-json\/wp\/v2\/types\/post"}],"author":[{"embeddable":true,"href":"https:\/\/portalr3.online\/index.php\/wp-json\/wp\/v2\/users\/1"}],"replies":[{"embeddable":true,"href":"https:\/\/portalr3.online\/index.php\/wp-json\/wp\/v2\/comments?post=7275"}],"version-history":[{"count":0,"href":"https:\/\/portalr3.online\/index.php\/wp-json\/wp\/v2\/posts\/7275\/revisions"}],"wp:featuredmedia":[{"embeddable":true,"href":"https:\/\/portalr3.online\/index.php\/wp-json\/wp\/v2\/media\/7276"}],"wp:attachment":[{"href":"https:\/\/portalr3.online\/index.php\/wp-json\/wp\/v2\/media?parent=7275"}],"wp:term":[{"taxonomy":"category","embeddable":true,"href":"https:\/\/portalr3.online\/index.php\/wp-json\/wp\/v2\/categories?post=7275"},{"taxonomy":"post_tag","embeddable":true,"href":"https:\/\/portalr3.online\/index.php\/wp-json\/wp\/v2\/tags?post=7275"}],"curies":[{"name":"wp","href":"https:\/\/api.w.org\/{rel}","templated":true}]}}