{"id":7257,"date":"2021-05-20T14:09:37","date_gmt":"2021-05-20T17:09:37","guid":{"rendered":"https:\/\/portalnarede.com.br\/?p=7257"},"modified":"2021-05-20T14:09:37","modified_gmt":"2021-05-20T17:09:37","slug":"numero-de-acidentes-de-transito-sobem-44-em-maceio-informa-smtt","status":"publish","type":"post","link":"https:\/\/portalr3.online\/index.php\/2021\/05\/20\/numero-de-acidentes-de-transito-sobem-44-em-maceio-informa-smtt\/","title":{"rendered":"N\u00famero de acidentes de tr\u00e2nsito sobem 44% em Macei\u00f3, informa SMTT"},"content":{"rendered":"\n<p>Dados foram comparados com os n\u00fameros de abril do ano passado<\/p>\n\n\n\n<p>Informa\u00e7\u00f5es e Foto: Ascom<\/p>\n\n\n\n<p>A Secretaria Municipal de Transporte e Tr\u00e2nsito (SMTT) divulgou um estudo que aponta o crescimento de 44% no n\u00famero de acidentes de tr\u00e2nsito com v\u00edtimas em Macei\u00f3. A informa\u00e7\u00e3o foi divulgada na manh\u00e3 desta quinta-feira (10).<\/p>\n\n\n\n<p>O superintendente da SMTT, Andr\u00e9 Costa, informou que os dados foram comparados com os n\u00fameros de abril do ano passado. Destacando ainda a situa\u00e7\u00e3o social, onde, no ano passado, havia menor n\u00famero de ve\u00edculos em circula\u00e7\u00e3o devido a Covid-19. \u201cAs medidas de isolamento social eram mais r\u00edgidas, havia restri\u00e7\u00e3o de circula\u00e7\u00e3o de ve\u00edculos\u201d, completou.<\/p>\n\n\n\n<p>Ainda segundo N\u00facleo, foram registrados dois acidentes com v\u00edtimas fatais no bairro Santo Amaro e na Paju\u00e7ara. O primeiro acidente foi uma colis\u00e3o lateral ocasionada por avan\u00e7o s\u00fabito de faixa a partir da via preferencial de \u00f4nibus, j\u00e1 o segundo a v\u00edtima avan\u00e7ou na faixa preferencial e causou uma colis\u00e3o transversal.<\/p>\n\n\n\n<p>A SMTT atendeu 95% dos chamados de acidente, a maioria deles foram registrados no bairro do Tabuleiro dos Martins, parte alta da capital.<\/p>\n\n\n\n<p>Os n\u00fameros revelam que mais da metade dos acidentes na capital ocorreram em apenas seis vias. Confira o n\u00famero de acidentes nas avenidas:<\/p>\n\n\n\n<p>9 -Av. Fernandes Lima (Farol)<\/p>\n\n\n\n<p>4- Av. Durval de G. Monteiro<\/p>\n\n\n\n<p>3- Av. Assis Chateaubriand<\/p>\n\n\n\n<p>3- Av. Ant\u00f4nio Gouveia<\/p>\n\n\n\n<p>3-Av. Lourival melo mota<\/p>\n\n\n\n<p>3- Av. menino Marcelo (Antares)<\/p>\n\n\n\n<p>2- Av. Menino Marcelo (Cidade Universit\u00e1ria)<\/p>\n\n\n\n<p>2- Av. Fernandes lima (Gruta de Lurdes)<\/p>\n","protected":false},"excerpt":{"rendered":"<p>Dados foram comparados com os n\u00fameros de abril do ano passado Informa\u00e7\u00f5es e Foto: Ascom A Secretaria Municipal de Transporte<\/p>\n","protected":false},"author":1,"featured_media":7258,"comment_status":"open","ping_status":"open","sticky":false,"template":"","format":"standard","meta":{"colormag_page_container_layout":"default_layout","colormag_page_sidebar_layout":"default_layout","footnotes":""},"categories":[10],"tags":[76,713,714],"class_list":["post-7257","post","type-post","status-publish","format-standard","has-post-thumbnail","hentry","category-noticias","tag-acidentes","tag-acidentes-de-transito","tag-acidentes-de-transito-em-maceio"],"aioseo_notices":[],"_links":{"self":[{"href":"https:\/\/portalr3.online\/index.php\/wp-json\/wp\/v2\/posts\/7257","targetHints":{"allow":["GET"]}}],"collection":[{"href":"https:\/\/portalr3.online\/index.php\/wp-json\/wp\/v2\/posts"}],"about":[{"href":"https:\/\/portalr3.online\/index.php\/wp-json\/wp\/v2\/types\/post"}],"author":[{"embeddable":true,"href":"https:\/\/portalr3.online\/index.php\/wp-json\/wp\/v2\/users\/1"}],"replies":[{"embeddable":true,"href":"https:\/\/portalr3.online\/index.php\/wp-json\/wp\/v2\/comments?post=7257"}],"version-history":[{"count":0,"href":"https:\/\/portalr3.online\/index.php\/wp-json\/wp\/v2\/posts\/7257\/revisions"}],"wp:featuredmedia":[{"embeddable":true,"href":"https:\/\/portalr3.online\/index.php\/wp-json\/wp\/v2\/media\/7258"}],"wp:attachment":[{"href":"https:\/\/portalr3.online\/index.php\/wp-json\/wp\/v2\/media?parent=7257"}],"wp:term":[{"taxonomy":"category","embeddable":true,"href":"https:\/\/portalr3.online\/index.php\/wp-json\/wp\/v2\/categories?post=7257"},{"taxonomy":"post_tag","embeddable":true,"href":"https:\/\/portalr3.online\/index.php\/wp-json\/wp\/v2\/tags?post=7257"}],"curies":[{"name":"wp","href":"https:\/\/api.w.org\/{rel}","templated":true}]}}