{"id":7235,"date":"2021-05-20T10:53:17","date_gmt":"2021-05-20T13:53:17","guid":{"rendered":"https:\/\/portalnarede.com.br\/?p=7235"},"modified":"2021-05-20T10:53:17","modified_gmt":"2021-05-20T13:53:17","slug":"arapiraca-jovem-e-agredida-e-ameaca-pelo-companheiro-que-acaba-preso","status":"publish","type":"post","link":"https:\/\/portalr3.online\/index.php\/2021\/05\/20\/arapiraca-jovem-e-agredida-e-ameaca-pelo-companheiro-que-acaba-preso\/","title":{"rendered":"Arapiraca: Jovem \u00e9 agredida e amea\u00e7ada pelo companheiro que acaba preso"},"content":{"rendered":"\n<p><em>Imagem: Reprodu\u00e7\u00e3o Portal BR104<\/em><\/p>\n\n\n\n<p><em>*Jo\u00e3o Pedro Magnani &#8211; estagi\u00e1rio sob supervis\u00e3o<\/em><\/p>\n\n\n\n<p>A R\u00e1dio Patrulha 04, pertencente ao 3\u00ba Batalh\u00e3o de Pol\u00edcia Militar, atendeu, nessa quarta-feira (19), um caso de viol\u00eancia dom\u00e9stica no bairro Bras\u00edlia, em Arapiraca. Segundo uma jovem, de 18 anos, seu companheiro havia lhe agredido e amea\u00e7ado.<\/p>\n\n\n\n<p>O homem, de 36 anos, suspeito de cometer o crime, foi localizado pela guarni\u00e7\u00e3o nas proximidades do local do fato. O casal foi levado \u00e0 Delegacia da Mulher, onde foi feito um auto de pris\u00e3o em flagrante por les\u00e3o corporal dolosa.<\/p>\n\n\n\n<p>Nenhum dos envolvidos teve a identidade revelada pelo relat\u00f3rio do 3 Batalh\u00e3o de Pol\u00edcia Militar.<\/p>\n\n\n\n<p>A guarni\u00e7\u00e3o da R\u00e1dio Patrulha, que esteve no local e constatou o fato, foi acionada via COPOM para averiguar a situa\u00e7\u00e3o.<\/p>\n","protected":false},"excerpt":{"rendered":"<p>Imagem: Reprodu\u00e7\u00e3o Portal BR104 *Jo\u00e3o Pedro Magnani &#8211; estagi\u00e1rio sob supervis\u00e3o A R\u00e1dio Patrulha 04, pertencente ao 3\u00ba Batalh\u00e3o de<\/p>\n","protected":false},"author":1,"featured_media":7236,"comment_status":"open","ping_status":"open","sticky":false,"template":"","format":"standard","meta":{"colormag_page_container_layout":"default_layout","colormag_page_sidebar_layout":"default_layout","footnotes":""},"categories":[22],"tags":[137,139,702],"class_list":["post-7235","post","type-post","status-publish","format-standard","has-post-thumbnail","hentry","category-cidades","tag-arapiraca","tag-jovem","tag-violencia-domestica"],"aioseo_notices":[],"_links":{"self":[{"href":"https:\/\/portalr3.online\/index.php\/wp-json\/wp\/v2\/posts\/7235","targetHints":{"allow":["GET"]}}],"collection":[{"href":"https:\/\/portalr3.online\/index.php\/wp-json\/wp\/v2\/posts"}],"about":[{"href":"https:\/\/portalr3.online\/index.php\/wp-json\/wp\/v2\/types\/post"}],"author":[{"embeddable":true,"href":"https:\/\/portalr3.online\/index.php\/wp-json\/wp\/v2\/users\/1"}],"replies":[{"embeddable":true,"href":"https:\/\/portalr3.online\/index.php\/wp-json\/wp\/v2\/comments?post=7235"}],"version-history":[{"count":0,"href":"https:\/\/portalr3.online\/index.php\/wp-json\/wp\/v2\/posts\/7235\/revisions"}],"wp:featuredmedia":[{"embeddable":true,"href":"https:\/\/portalr3.online\/index.php\/wp-json\/wp\/v2\/media\/7236"}],"wp:attachment":[{"href":"https:\/\/portalr3.online\/index.php\/wp-json\/wp\/v2\/media?parent=7235"}],"wp:term":[{"taxonomy":"category","embeddable":true,"href":"https:\/\/portalr3.online\/index.php\/wp-json\/wp\/v2\/categories?post=7235"},{"taxonomy":"post_tag","embeddable":true,"href":"https:\/\/portalr3.online\/index.php\/wp-json\/wp\/v2\/tags?post=7235"}],"curies":[{"name":"wp","href":"https:\/\/api.w.org\/{rel}","templated":true}]}}