{"id":7229,"date":"2021-05-20T10:15:45","date_gmt":"2021-05-20T13:15:45","guid":{"rendered":"https:\/\/portalnarede.com.br\/?p=7229"},"modified":"2021-05-20T10:15:45","modified_gmt":"2021-05-20T13:15:45","slug":"maceio-conclui-nesta-quinta-20-vacinacao-da-2a-dose-da-coronavac-imunizacao-esta-centralizada-nos-shoppins-de-mangabeiras-e-b-bentes","status":"publish","type":"post","link":"https:\/\/portalr3.online\/index.php\/2021\/05\/20\/maceio-conclui-nesta-quinta-20-vacinacao-da-2a-dose-da-coronavac-imunizacao-esta-centralizada-nos-shoppins-de-mangabeiras-e-b-bentes\/","title":{"rendered":"Macei\u00f3 conclui nesta quinta (20) vacina\u00e7\u00e3o da 2\u00aa dose da Coronavac"},"content":{"rendered":"\n<p>*Com informa\u00e7\u00f5es e imagem: assessoria<\/p>\n\n\n\n<p>A Prefeitura de Macei\u00f3 retomou nesta quinta-feira (20) a vacina\u00e7\u00e3o da 2\u00aa dose da Corovanac. Segundo a Secret\u00e1ria Municipal de Sa\u00fade, foram recebidas 400 doses que v\u00e3o concluir a aplica\u00e7\u00e3o nas pessoas que tomaram a primeira e n\u00e3o haviam recebido a segundo ainda. A imuniza\u00e7\u00e3o est\u00e1 concentrada nos pontos fixos do Shopping Macei\u00f3, em Mangabeiras, e Shopping P\u00e1tio, no Benedito Bentes. <\/p>\n\n\n\n<p>\u201cO objetivo \u00e9 otimizar a log\u00edstica da vacina\u00e7\u00e3o desse p\u00fablico, j\u00e1 que temos um quantitativo menor de pessoas para a segunda dose\u201d, explicou Fernanda Rodrigues, diretora de Vigil\u00e2ncia em Sa\u00fade da capital.<\/p>\n\n\n\n<p>A Prefeitura de Macei\u00f3 segue aplicando normalmente a primeira doe das vacinas contra a Covid-19 nos oito pontos instalados na cidade, que s\u00e3o: drive-thru Estacionamento de Jaragu\u00e1, drive-thru da Justi\u00e7a Federal (Serraria), Shopping Macei\u00f3 (Mangabeiras), Shopping P\u00e1tio e Pra\u00e7a Padre C\u00edcero (Benedito Bentes), terminal do Conjunto Osman Loureiro, Pap\u00f3dromo (Vergel) e \u00e1rea externa do Gin\u00e1sio Arivaldo Maia (Jacintinho).<\/p>\n\n\n\n<p>Mais informa\u00e7\u00f5es sobre a vacina\u00e7\u00e3o em Macei\u00f3 podem ser acessadas em:&nbsp;<a href=\"http:\/\/vacina.maceio.al.gov.br\/\">vacina.maceio.al.gov.br<\/a><\/p>\n","protected":false},"excerpt":{"rendered":"<p>*Com informa\u00e7\u00f5es e imagem: assessoria A Prefeitura de Macei\u00f3 retomou nesta quinta-feira (20) a vacina\u00e7\u00e3o da 2\u00aa dose da Corovanac.<\/p>\n","protected":false},"author":1,"featured_media":3762,"comment_status":"open","ping_status":"open","sticky":false,"template":"","format":"standard","meta":{"colormag_page_container_layout":"default_layout","colormag_page_sidebar_layout":"default_layout","footnotes":""},"categories":[10],"tags":[48,81,82,37,50,110],"class_list":["post-7229","post","type-post","status-publish","format-standard","has-post-thumbnail","hentry","category-noticias","tag-coronavac","tag-coronavirus","tag-covid-19","tag-maceio","tag-segunda-dose","tag-vacina"],"aioseo_notices":[],"_links":{"self":[{"href":"https:\/\/portalr3.online\/index.php\/wp-json\/wp\/v2\/posts\/7229","targetHints":{"allow":["GET"]}}],"collection":[{"href":"https:\/\/portalr3.online\/index.php\/wp-json\/wp\/v2\/posts"}],"about":[{"href":"https:\/\/portalr3.online\/index.php\/wp-json\/wp\/v2\/types\/post"}],"author":[{"embeddable":true,"href":"https:\/\/portalr3.online\/index.php\/wp-json\/wp\/v2\/users\/1"}],"replies":[{"embeddable":true,"href":"https:\/\/portalr3.online\/index.php\/wp-json\/wp\/v2\/comments?post=7229"}],"version-history":[{"count":0,"href":"https:\/\/portalr3.online\/index.php\/wp-json\/wp\/v2\/posts\/7229\/revisions"}],"wp:featuredmedia":[{"embeddable":true,"href":"https:\/\/portalr3.online\/index.php\/wp-json\/"}],"wp:attachment":[{"href":"https:\/\/portalr3.online\/index.php\/wp-json\/wp\/v2\/media?parent=7229"}],"wp:term":[{"taxonomy":"category","embeddable":true,"href":"https:\/\/portalr3.online\/index.php\/wp-json\/wp\/v2\/categories?post=7229"},{"taxonomy":"post_tag","embeddable":true,"href":"https:\/\/portalr3.online\/index.php\/wp-json\/wp\/v2\/tags?post=7229"}],"curies":[{"name":"wp","href":"https:\/\/api.w.org\/{rel}","templated":true}]}}