{"id":7212,"date":"2021-05-19T23:14:50","date_gmt":"2021-05-20T02:14:50","guid":{"rendered":"https:\/\/portalnarede.com.br\/?p=7212"},"modified":"2021-05-19T23:14:50","modified_gmt":"2021-05-20T02:14:50","slug":"apos-cirurgias-e-27-dias-de-internamento-menino-agredido-pelo-padrasto-em-arapiraca-recebe-alta-medica","status":"publish","type":"post","link":"https:\/\/portalr3.online\/index.php\/2021\/05\/19\/apos-cirurgias-e-27-dias-de-internamento-menino-agredido-pelo-padrasto-em-arapiraca-recebe-alta-medica\/","title":{"rendered":"Ap\u00f3s cirurgias e 27 dias de internamento, menino agredido pelo padrasto em Arapiraca recebe alta m\u00e9dica"},"content":{"rendered":"\n<p>Informa\u00e7\u00f5es e Foto: Assessoria<\/p>\n\n\n\n<p>Garoto chegou bem debilitado e em estado grave, saiu caminhando junto com a m\u00e3e<\/p>\n\n\n\n<p>O menino de seis anos que foi agredido pelo padrasto, no m\u00eas passado, recebeu alta do Hospital e Emerg\u00eancia do Agreste, nesta quarta-feira (19), no munic\u00edpio de Arapiraca, em Alagoas.<\/p>\n\n\n\n<p>O garoto foi internado com graves queimaduras nas n\u00e1degas, fratura na clav\u00edcula e hematomas pelo corpo e precisou passar por in\u00fameras cirurgias. O garoto foi agredido pelo pai na resid\u00eancia onde mora na cidade de P\u00e3o de A\u00e7\u00facar.<\/p>\n\n\n\n<p>Segundo informa\u00e7\u00f5es da assessoria do Hospital e Emerg\u00eancia do Agreste, o menino marcou todos que trabalham na unidade de sa\u00fade, desde a equipe m\u00e9dica at\u00e9 os servidores. As brincadeiras e traquinagens eram louv\u00e1veis at\u00e9 durante os momentos mais delicados do tratamento.<\/p>\n\n\n\n<p>Durante a recupera\u00e7\u00e3o no hospital, o menino ganhou uma festa de anivers\u00e1rio, que aconteceu na enfermaria, e na sa\u00edda recebeu presentes da equipe.<\/p>\n\n\n\n<p>J.C e a m\u00e3e, Lucineide dos Santos, a qual sempre o acompanhou, receberam acompanhamentos psicol\u00f3gicos devido a tudo que foi causado pelo padrasto. A alta foi acompanhado por representantes do conselho tutelar de Atalaia, onde moram a av\u00f3 e a irm\u00e3 de 9 anos da crian\u00e7a.<\/p>\n","protected":false},"excerpt":{"rendered":"<p>Informa\u00e7\u00f5es e Foto: Assessoria Garoto chegou bem debilitado e em estado grave, saiu caminhando junto com a m\u00e3e O menino<\/p>\n","protected":false},"author":1,"featured_media":7213,"comment_status":"open","ping_status":"open","sticky":false,"template":"","format":"standard","meta":{"colormag_page_container_layout":"default_layout","colormag_page_sidebar_layout":"default_layout","footnotes":""},"categories":[10],"tags":[691,692],"class_list":["post-7212","post","type-post","status-publish","format-standard","has-post-thumbnail","hentry","category-noticias","tag-menino-alta-hospital","tag-menino-que-apanhou-do-pai"],"aioseo_notices":[],"_links":{"self":[{"href":"https:\/\/portalr3.online\/index.php\/wp-json\/wp\/v2\/posts\/7212","targetHints":{"allow":["GET"]}}],"collection":[{"href":"https:\/\/portalr3.online\/index.php\/wp-json\/wp\/v2\/posts"}],"about":[{"href":"https:\/\/portalr3.online\/index.php\/wp-json\/wp\/v2\/types\/post"}],"author":[{"embeddable":true,"href":"https:\/\/portalr3.online\/index.php\/wp-json\/wp\/v2\/users\/1"}],"replies":[{"embeddable":true,"href":"https:\/\/portalr3.online\/index.php\/wp-json\/wp\/v2\/comments?post=7212"}],"version-history":[{"count":0,"href":"https:\/\/portalr3.online\/index.php\/wp-json\/wp\/v2\/posts\/7212\/revisions"}],"wp:featuredmedia":[{"embeddable":true,"href":"https:\/\/portalr3.online\/index.php\/wp-json\/wp\/v2\/media\/7213"}],"wp:attachment":[{"href":"https:\/\/portalr3.online\/index.php\/wp-json\/wp\/v2\/media?parent=7212"}],"wp:term":[{"taxonomy":"category","embeddable":true,"href":"https:\/\/portalr3.online\/index.php\/wp-json\/wp\/v2\/categories?post=7212"},{"taxonomy":"post_tag","embeddable":true,"href":"https:\/\/portalr3.online\/index.php\/wp-json\/wp\/v2\/tags?post=7212"}],"curies":[{"name":"wp","href":"https:\/\/api.w.org\/{rel}","templated":true}]}}