{"id":7205,"date":"2021-05-19T19:58:34","date_gmt":"2021-05-19T22:58:34","guid":{"rendered":"https:\/\/portalnarede.com.br\/?p=7205"},"modified":"2021-05-19T19:58:34","modified_gmt":"2021-05-19T22:58:34","slug":"vigilencia-sanitaria-recolhe-uma-tonelada-de-alimentos-no-bairro-da-cambona","status":"publish","type":"post","link":"https:\/\/portalr3.online\/index.php\/2021\/05\/19\/vigilencia-sanitaria-recolhe-uma-tonelada-de-alimentos-no-bairro-da-cambona\/","title":{"rendered":"Vigil\u00e2ncia Sanit\u00e1ria recolhe uma tonelada de alimentos de Supermercado no bairro da Cambona"},"content":{"rendered":"\n<p>Informa\u00e7\u00f5es e Foto: ascom SMS<\/p>\n\n\n\n<p>Supermercado da regi\u00e3o foi o alvo da a\u00e7\u00e3o<\/p>\n\n\n\n<p>A Vigil\u00e2ncia Sanit\u00e1ria de Macei\u00f3 apreendeu, nesta quarta-feira (19), uma tonelada de alimentos impr\u00f3prios para consumo durante fiscaliza\u00e7\u00e3o num supermercado de grande porte, localizado no bairro da Cambona, em Macei\u00f3.<\/p>\n\n\n\n<p>No local, foram apreendidos 700 Kg de carne boina, su\u00edna e aves em estado de deteriora\u00e7\u00e3o. Al\u00e9m disso, tamb\u00e9m apreenderam v\u00e1rios quilos de calabresa e latic\u00ednios tamb\u00e9m estragados, como queijo e manteiga.<\/p>\n\n\n\n<p>Segundo a Vigil\u00e2ncia Sanit\u00e1ria, o supermercado foi notificado, autuado e tem prazo de 15 dias para apresentar defesa. J\u00e1 as mercadorias foram encaminhadas para o aterro sanit\u00e1rio de Macei\u00f3, no bairro do Benedito Bentes, para o descarte adequado do produto.<\/p>\n\n\n\n<p>Esta \u00e9 a segunda grande apreens\u00e3o de produtos impr\u00f3prios para consumo em estabelecimentos comerciais em menos de uma semana de fiscaliza\u00e7\u00e3o. No \u00faltimo s\u00e1bado (15), mais uma tonelada de produtos foram apreendidos num supermercado no Conjunto Graciliano Ramos.<\/p>\n\n\n\n<p>\u201cA Vigil\u00e2ncia Sanit\u00e1ria, diariamente, tem percorrido estabelecimentos de todos os segmentos para poder fazer com que as leis sanit\u00e1rias e seguran\u00e7a de todos estejam em primeiro lugar\u201d, destacou o coordenador da Vigil\u00e2ncia, Jos\u00e9 Airton.<\/p>\n","protected":false},"excerpt":{"rendered":"<p>Informa\u00e7\u00f5es e Foto: ascom SMS Supermercado da regi\u00e3o foi o alvo da a\u00e7\u00e3o A Vigil\u00e2ncia Sanit\u00e1ria de Macei\u00f3 apreendeu, nesta<\/p>\n","protected":false},"author":1,"featured_media":7206,"comment_status":"open","ping_status":"open","sticky":false,"template":"","format":"standard","meta":{"colormag_page_container_layout":"default_layout","colormag_page_sidebar_layout":"default_layout","footnotes":""},"categories":[10],"tags":[690,581],"class_list":["post-7205","post","type-post","status-publish","format-standard","has-post-thumbnail","hentry","category-noticias","tag-carne-apreendida","tag-vigilancia-sanitaria"],"aioseo_notices":[],"_links":{"self":[{"href":"https:\/\/portalr3.online\/index.php\/wp-json\/wp\/v2\/posts\/7205","targetHints":{"allow":["GET"]}}],"collection":[{"href":"https:\/\/portalr3.online\/index.php\/wp-json\/wp\/v2\/posts"}],"about":[{"href":"https:\/\/portalr3.online\/index.php\/wp-json\/wp\/v2\/types\/post"}],"author":[{"embeddable":true,"href":"https:\/\/portalr3.online\/index.php\/wp-json\/wp\/v2\/users\/1"}],"replies":[{"embeddable":true,"href":"https:\/\/portalr3.online\/index.php\/wp-json\/wp\/v2\/comments?post=7205"}],"version-history":[{"count":0,"href":"https:\/\/portalr3.online\/index.php\/wp-json\/wp\/v2\/posts\/7205\/revisions"}],"wp:featuredmedia":[{"embeddable":true,"href":"https:\/\/portalr3.online\/index.php\/wp-json\/wp\/v2\/media\/7206"}],"wp:attachment":[{"href":"https:\/\/portalr3.online\/index.php\/wp-json\/wp\/v2\/media?parent=7205"}],"wp:term":[{"taxonomy":"category","embeddable":true,"href":"https:\/\/portalr3.online\/index.php\/wp-json\/wp\/v2\/categories?post=7205"},{"taxonomy":"post_tag","embeddable":true,"href":"https:\/\/portalr3.online\/index.php\/wp-json\/wp\/v2\/tags?post=7205"}],"curies":[{"name":"wp","href":"https:\/\/api.w.org\/{rel}","templated":true}]}}