{"id":72,"date":"2021-03-21T13:32:34","date_gmt":"2021-03-21T16:32:34","guid":{"rendered":"https:\/\/noticiasnomundo.online\/?p=72"},"modified":"2021-03-21T13:32:34","modified_gmt":"2021-03-21T16:32:34","slug":"terreno-fertil-para-ditadura-diz-bolsonaro-sobre-lockdown","status":"publish","type":"post","link":"https:\/\/portalr3.online\/index.php\/2021\/03\/21\/terreno-fertil-para-ditadura-diz-bolsonaro-sobre-lockdown\/","title":{"rendered":"&#8220;Terreno f\u00e9rtil para ditadura&#8221;, diz Bolsonaro sobre lockdown"},"content":{"rendered":"\n<p>Em mais uma investida contra as a\u00e7\u00f5es de isolamento social adotadas por governadores e prefeitos, o presidente Jair&nbsp;<strong>Bolsonaro&nbsp;<\/strong>citou nesta sexta-feira, 19, os impactos econ\u00f4micos causados pela pandemia da covid-19 e disse que &#8220;vai chegar o momento&#8221; em que o governo ter\u00e1 de tomar uma<strong>&nbsp;&#8220;medida dura&#8221;<\/strong>.<\/p>\n\n\n\n<p>O presidente n\u00e3o detalhou que tipo de medida seria essa. Ao falar com apoiadores no Pal\u00e1cio do Alvorada, pela manh\u00e3, ele comparou o fechamento de com\u00e9rcio e outros estabelecimentos a um decreto de estado de s\u00edtio, medida de exce\u00e7\u00e3o que s\u00f3 pode ser tomada pelo presidente.<\/p>\n\n\n\n<p>Bolsonaro afirmou que a mis\u00e9ria, a fome e a pobreza s\u00e3o &#8220;terreno f\u00e9rtil para ditadura&#8221; no Pa\u00eds. As declara\u00e7\u00f5es foram dadas pelo presidente nesta sexta-feira, 19. &#8220;Ser\u00e1 que o governo federal vai ter que tomar uma decis\u00e3o antes que isso aconte\u00e7a? Ser\u00e1 que a popula\u00e7\u00e3o est\u00e1 preparada para uma a\u00e7\u00e3o do governo federal dura no tocante a isso?&#8221;<\/p>\n\n\n\n<p>Em seguida, Bolsonaro afirmou que o governo poderia tomar uma decis\u00e3o en\u00e9rgica para acabar com as decis\u00f5es locais de isolamento. &#8220;Que que \u00e9 (medida) dura? \u00c9 para dar liberdade pro povo, \u00e9 para dar o direito do povo trabalhar. N\u00e3o \u00e9 ditadura n\u00e3o, uns hip\u00f3critas a\u00ed falando de ditadura o tempo todo, uns imbecis. Agora, um terreno f\u00e9rtil para ditadura \u00e9 exatamente a mis\u00e9ria, a fome, a pobreza, onde o homem com necessidade perde a raz\u00e3o. Estamos esperando o qu\u00ea? Vai chegar o momento, eu gostaria que n\u00e3o chegasse esse momento, vai acabar chegando.&#8221;<\/p>\n\n\n\n<p>O presidente mencionou a a\u00e7\u00e3o que enviou ao Supremo Tribunal Federal, com a tentativa de suspender as medidas anunciadas pelos governadores do Distrito Federal, Bahia e Rio Grande do Sul.<\/p>\n\n\n\n<p>&#8220;Espero que essa minha a\u00e7\u00e3o no Supremo Tribunal Federal no dia de ontem&#8230; que os decretos falam em simplesmente toque de recolher&#8230; O que \u00e9 toque de recolher? S\u00f3 em pa\u00edses ditatoriais. Est\u00e3o aqui aplicando a legisla\u00e7\u00e3o do estado de s\u00edtio prevista na Constitui\u00e7\u00e3o, que n\u00e3o basta eu decretar estado de s\u00edtio, o Congresso tem que validar embaixo. E governadores e prefeitos humilhando a popula\u00e7\u00e3o, dizendo que est\u00e3o defendendo a vida deles. Ora bolas, que defendendo a vida, est\u00e3o matando essas pessoas&#8221;, afirmou o presidente.<\/p>\n\n\n\n<p>Com o recrudescimento da pandemia, ao menos nove Estados e quatro capitais endureceram nas \u00faltimas semanas medidas de isolamento social e permitem apenas servi\u00e7os considerados essenciais, como mercados e farm\u00e1cias.<\/p>\n\n\n\n<p>O Brasil registrou 2.659 novas mortes pela covid-19 nesta quinta-feira, 18, e em apenas 18 dias do m\u00eas de mar\u00e7o j\u00e1 superou todas as v\u00edtimas de fevereiro, que j\u00e1 tinha registrado aumento da curva de \u00f3bitos pela doen\u00e7a<\/p>\n\n\n\n<p>Aos apoiadores, Bolsonaro frisou que &#8220;seu Ex\u00e9rcito&#8221; n\u00e3o sair\u00e1 dos quart\u00e9is para cumprir eventual ordem de governadores para evitar eventuais dist\u00farbios. Ele voltou a insinuar que as medidas para conter a transmiss\u00e3o do v\u00edrus podem provocar atos de &#8220;desobedi\u00eancia civil&#8221;.<\/p>\n\n\n\n<p>&#8220;Jamais adotaria o lockdown no Brasil. E digo mais como tamb\u00e9m j\u00e1 disse: o meu Ex\u00e9rcito n\u00e3o vai para a rua para cumprir decreto de governadores. N\u00e3o vai. Se o povo come\u00e7ar a sair [de casa], entrar na desobedi\u00eancia civil, n\u00e3o adianta pedir Ex\u00e9rcito, que o meu Ex\u00e9rcito n\u00e3o vai. Nem por ordem do Papa, n\u00e3o vai&#8221;, disse o presidente nesta manh\u00e3.<\/p>\n\n\n\n<p>Bolsonaro disse que &#8220;o caos vem a\u00ed&#8221; e que &#8220;a fome vai tirar o pessoal de casa&#8221;. &#8220;Vamos ter problemas que a gente nunca esperava ter. Problemas sociais grav\u00edssimos. Eu tenho mantido todos os ministros informados do que est\u00e1 acontecendo, e ainda culpam a mim, como se eu fosse insens\u00edvel no tocante a morte&#8221;, disse o presidente que reafirmou nunca admitir o lockdown no Pa\u00eds.<\/p>\n","protected":false},"excerpt":{"rendered":"<p>Em mais uma investida contra as a\u00e7\u00f5es de isolamento social adotadas por governadores e prefeitos, o presidente Jair&nbsp;Bolsonaro&nbsp;citou nesta sexta-feira,<\/p>\n","protected":false},"author":1,"featured_media":94,"comment_status":"open","ping_status":"open","sticky":false,"template":"","format":"standard","meta":{"colormag_page_container_layout":"default_layout","colormag_page_sidebar_layout":"default_layout","footnotes":""},"categories":[3],"tags":[],"class_list":["post-72","post","type-post","status-publish","format-standard","has-post-thumbnail","hentry","category-covid-19"],"aioseo_notices":[],"_links":{"self":[{"href":"https:\/\/portalr3.online\/index.php\/wp-json\/wp\/v2\/posts\/72","targetHints":{"allow":["GET"]}}],"collection":[{"href":"https:\/\/portalr3.online\/index.php\/wp-json\/wp\/v2\/posts"}],"about":[{"href":"https:\/\/portalr3.online\/index.php\/wp-json\/wp\/v2\/types\/post"}],"author":[{"embeddable":true,"href":"https:\/\/portalr3.online\/index.php\/wp-json\/wp\/v2\/users\/1"}],"replies":[{"embeddable":true,"href":"https:\/\/portalr3.online\/index.php\/wp-json\/wp\/v2\/comments?post=72"}],"version-history":[{"count":0,"href":"https:\/\/portalr3.online\/index.php\/wp-json\/wp\/v2\/posts\/72\/revisions"}],"wp:featuredmedia":[{"embeddable":true,"href":"https:\/\/portalr3.online\/index.php\/wp-json\/wp\/v2\/media\/94"}],"wp:attachment":[{"href":"https:\/\/portalr3.online\/index.php\/wp-json\/wp\/v2\/media?parent=72"}],"wp:term":[{"taxonomy":"category","embeddable":true,"href":"https:\/\/portalr3.online\/index.php\/wp-json\/wp\/v2\/categories?post=72"},{"taxonomy":"post_tag","embeddable":true,"href":"https:\/\/portalr3.online\/index.php\/wp-json\/wp\/v2\/tags?post=72"}],"curies":[{"name":"wp","href":"https:\/\/api.w.org\/{rel}","templated":true}]}}