{"id":7193,"date":"2021-05-19T18:08:19","date_gmt":"2021-05-19T21:08:19","guid":{"rendered":"https:\/\/portalnarede.com.br\/?p=7193"},"modified":"2021-05-19T18:08:19","modified_gmt":"2021-05-19T21:08:19","slug":"tais-araujo-comemora-vacinacao-e-alerta-fas","status":"publish","type":"post","link":"https:\/\/portalr3.online\/index.php\/2021\/05\/19\/tais-araujo-comemora-vacinacao-e-alerta-fas\/","title":{"rendered":"Ta\u00eds Araujo comemora vacina\u00e7\u00e3o e alerta f\u00e3s"},"content":{"rendered":"\n<p><\/p>\n\n\n\n<p>Com informa\u00e7\u00f5es: Gshow \/ Foto: reprodu\u00e7\u00e3o Instagram<\/p>\n\n\n\n<p>Ta\u00eds Araujo se vacinou contra a Covid-19 e comemorou o momento em suas redes sociais. A atriz tamb\u00e9m fez um alerta sobre calend\u00e1rio e comorbidades<\/p>\n\n\n\n<p>&#8220;Hoje foi o meu dia de vacinar. Tenho asma grave e fa\u00e7o parte do grupo com comorbidade. \u00c9 fundamental que toda popula\u00e7\u00e3o seja vacinada e confira o calend\u00e1rio de sua cidade. Coloquei a lista de comorbidades e as descri\u00e7\u00f5es nos meus stories, verifica e n\u00e3o deixe de se vacinar, ok? Precisamos nos proteger e proteger as outras pessoas, portanto mesmo vacinados vamos manter os cuidados: usar sempre a m\u00e1scara e higienizar as m\u00e3os com \u00e1lcool 70% e lavar as m\u00e3os com sab\u00e3o. Cuidem-se.&#8221;<\/p>\n\n\n\n<p>&#8220;Muito obrigada ao SUS e a todos os profissionais de sa\u00fade e profissionais que est\u00e3o dentro dos hospitais a frente dessa batalha contra o COVID 19.&#8221;<\/p>\n","protected":false},"excerpt":{"rendered":"<p>Com informa\u00e7\u00f5es: Gshow \/ Foto: reprodu\u00e7\u00e3o Instagram Ta\u00eds Araujo se vacinou contra a Covid-19 e comemorou o momento em suas<\/p>\n","protected":false},"author":1,"featured_media":7194,"comment_status":"open","ping_status":"open","sticky":false,"template":"","format":"standard","meta":{"colormag_page_container_layout":"default_layout","colormag_page_sidebar_layout":"default_layout","footnotes":""},"categories":[129],"tags":[347,209,82,267,685,110],"class_list":["post-7193","post","type-post","status-publish","format-standard","has-post-thumbnail","hentry","category-estilo","tag-alerta","tag-atriz","tag-covid-19","tag-imunizacao","tag-tais-araujo","tag-vacina"],"aioseo_notices":[],"_links":{"self":[{"href":"https:\/\/portalr3.online\/index.php\/wp-json\/wp\/v2\/posts\/7193","targetHints":{"allow":["GET"]}}],"collection":[{"href":"https:\/\/portalr3.online\/index.php\/wp-json\/wp\/v2\/posts"}],"about":[{"href":"https:\/\/portalr3.online\/index.php\/wp-json\/wp\/v2\/types\/post"}],"author":[{"embeddable":true,"href":"https:\/\/portalr3.online\/index.php\/wp-json\/wp\/v2\/users\/1"}],"replies":[{"embeddable":true,"href":"https:\/\/portalr3.online\/index.php\/wp-json\/wp\/v2\/comments?post=7193"}],"version-history":[{"count":0,"href":"https:\/\/portalr3.online\/index.php\/wp-json\/wp\/v2\/posts\/7193\/revisions"}],"wp:featuredmedia":[{"embeddable":true,"href":"https:\/\/portalr3.online\/index.php\/wp-json\/wp\/v2\/media\/7194"}],"wp:attachment":[{"href":"https:\/\/portalr3.online\/index.php\/wp-json\/wp\/v2\/media?parent=7193"}],"wp:term":[{"taxonomy":"category","embeddable":true,"href":"https:\/\/portalr3.online\/index.php\/wp-json\/wp\/v2\/categories?post=7193"},{"taxonomy":"post_tag","embeddable":true,"href":"https:\/\/portalr3.online\/index.php\/wp-json\/wp\/v2\/tags?post=7193"}],"curies":[{"name":"wp","href":"https:\/\/api.w.org\/{rel}","templated":true}]}}