{"id":7190,"date":"2021-05-19T17:58:04","date_gmt":"2021-05-19T20:58:04","guid":{"rendered":"https:\/\/portalnarede.com.br\/?p=7190"},"modified":"2021-05-19T17:58:04","modified_gmt":"2021-05-19T20:58:04","slug":"galvao-bueno-posta-foto-com-familia-em-seu-instagram-unida-e-forte","status":"publish","type":"post","link":"https:\/\/portalr3.online\/index.php\/2021\/05\/19\/galvao-bueno-posta-foto-com-familia-em-seu-instagram-unida-e-forte\/","title":{"rendered":"Galv\u00e3o Bueno posta foto com fam\u00edlia em seu instagram: &#8220;Unida e forte&#8221;"},"content":{"rendered":"\n<p><\/p>\n\n\n\n<p>Com informa\u00e7\u00f5es: Cena Pop \/ Foto: reprodu\u00e7\u00e3o Instagram<\/p>\n\n\n\n<p>O apresentador Galv\u00e3o Bueno, de 70 anos, postou em sua conta no Instagram nesta quarta-feira- (19\/05), uma foto com sua mulher, Desir\u00e9e Soares, e os netos. A fam\u00edlia est\u00e1 passando uma temporada em Trancoso, na Bahia.<\/p>\n\n\n\n<p>&#8220;Queria estar com todos meus filhos e netos. Mas essa foto, com minha mulher e tr\u00eas dos meus netos, representa a nossa fam\u00edlia unida e forte. Eu agrade\u00e7o a Deus por isso&#8221;, escreveu Galv\u00e3o na legenda da foto.<\/p>\n\n\n\n<p>O narrador esportivo \u00e9 pai de Luca, Cac\u00e1, Pop\u00f3 e Let\u00edcia Bueno. Galv\u00e3o Bueno e Desir\u00e9e Soares est\u00e3o juntos j\u00e1 mais de 20 anos.<\/p>\n","protected":false},"excerpt":{"rendered":"<p>Com informa\u00e7\u00f5es: Cena Pop \/ Foto: reprodu\u00e7\u00e3o Instagram O apresentador Galv\u00e3o Bueno, de 70 anos, postou em sua conta no<\/p>\n","protected":false},"author":1,"featured_media":7191,"comment_status":"open","ping_status":"open","sticky":false,"template":"","format":"standard","meta":{"colormag_page_container_layout":"default_layout","colormag_page_sidebar_layout":"default_layout","footnotes":""},"categories":[129],"tags":[680,214,681,682,683,684],"class_list":["post-7190","post","type-post","status-publish","format-standard","has-post-thumbnail","hentry","category-estilo","tag-apresentador","tag-familia","tag-ferias","tag-galvao-bueno","tag-narrador","tag-trancoso-ba"],"aioseo_notices":[],"_links":{"self":[{"href":"https:\/\/portalr3.online\/index.php\/wp-json\/wp\/v2\/posts\/7190","targetHints":{"allow":["GET"]}}],"collection":[{"href":"https:\/\/portalr3.online\/index.php\/wp-json\/wp\/v2\/posts"}],"about":[{"href":"https:\/\/portalr3.online\/index.php\/wp-json\/wp\/v2\/types\/post"}],"author":[{"embeddable":true,"href":"https:\/\/portalr3.online\/index.php\/wp-json\/wp\/v2\/users\/1"}],"replies":[{"embeddable":true,"href":"https:\/\/portalr3.online\/index.php\/wp-json\/wp\/v2\/comments?post=7190"}],"version-history":[{"count":0,"href":"https:\/\/portalr3.online\/index.php\/wp-json\/wp\/v2\/posts\/7190\/revisions"}],"wp:featuredmedia":[{"embeddable":true,"href":"https:\/\/portalr3.online\/index.php\/wp-json\/wp\/v2\/media\/7191"}],"wp:attachment":[{"href":"https:\/\/portalr3.online\/index.php\/wp-json\/wp\/v2\/media?parent=7190"}],"wp:term":[{"taxonomy":"category","embeddable":true,"href":"https:\/\/portalr3.online\/index.php\/wp-json\/wp\/v2\/categories?post=7190"},{"taxonomy":"post_tag","embeddable":true,"href":"https:\/\/portalr3.online\/index.php\/wp-json\/wp\/v2\/tags?post=7190"}],"curies":[{"name":"wp","href":"https:\/\/api.w.org\/{rel}","templated":true}]}}