{"id":7184,"date":"2021-05-19T16:12:20","date_gmt":"2021-05-19T19:12:20","guid":{"rendered":"https:\/\/portalnarede.com.br\/?p=7184"},"modified":"2021-05-19T16:12:20","modified_gmt":"2021-05-19T19:12:20","slug":"branquinha-promotoria-de-justica-cobra-da-prefeitura-plano-de-imunizacao-apos-adolescente-ter-sido-vacinado","status":"publish","type":"post","link":"https:\/\/portalr3.online\/index.php\/2021\/05\/19\/branquinha-promotoria-de-justica-cobra-da-prefeitura-plano-de-imunizacao-apos-adolescente-ter-sido-vacinado\/","title":{"rendered":"Branquinha: Promotoria de Justi\u00e7a cobra da prefeitura plano de imuniza\u00e7\u00e3o ap\u00f3s adolescente ter sido vacinado"},"content":{"rendered":"\n<p>*Com informa\u00e7\u00f5es: assessoria<\/p>\n\n\n\n<p>O Minist\u00e9rio P\u00fablico do Estado de Alagoas (MPAL) expediu recomenda\u00e7\u00e3o \u00e0 Prefeitura de Branquinha e \u00e0 Secretaria Municipal de Sa\u00fade para que o Poder Executivo elabore com urg\u00eancia o seu Plano Municipal de Imuniza\u00e7\u00e3o, seguindo os Planos Estadual e Nacional de Vacina\u00e7\u00e3o j\u00e1 vigentes. A orienta\u00e7\u00e3o, formulada pela Promotoria de Justi\u00e7a daquela cidade ocorreu ap\u00f3s den\u00fancia que um adolescente de 17 anos, que prestaria servi\u00e7os \u00e0 atual gest\u00e3o, teria sido imunizado. O prazo dado para a devida elabora\u00e7\u00e3o \u00e9 de 72 horas.&nbsp;<\/p>\n\n\n\n<p>A recomenda\u00e7\u00e3o foi assinada pela promotora de Justi\u00e7a Ilda Regina Reis que, em seus argumentos, explicou que esse plano municipal se faz urgente em raz\u00e3o da necessidade de medidas para enfrentamento da emerg\u00eancia de sa\u00fade p\u00fablica de import\u00e2ncia internacional decorrente do novo coronav\u00edrus, existente no Brasil h\u00e1 pouco mais de um ano e que continua a se expandir.<\/p>\n\n\n\n<p>Ela tamb\u00e9m lembrou que o Minist\u00e9rio da Sa\u00fade j\u00e1 disponibilizou o Plano Nacional de Operacionaliza\u00e7\u00e3o da Vacina\u00e7\u00e3o contra a Covid-19: \u201cEsse documento tem o objetivo de instrumentalizar as inst\u00e2ncias gestoras, onde se enquadram os munic\u00edpios, para que elas tamb\u00e9m elaborem e executem suas diretrizes para a aplica\u00e7\u00e3o da imuniza\u00e7\u00e3o. Se tudo for seguido \u00e0 risca, o mapeamento do p\u00fablico-alvo vai conseguir atingir de imediato os grupos priorit\u00e1rios, vacinando-os e, \u00e0 medida que isso for ocorrendo, outras categorias ser\u00e3o igualmente beneficiadas\u201d, declarou Ilda Regina.<\/p>\n\n\n\n<p>Por fim, a promotora de Justi\u00e7a destacou que, dentro do plano nacional, h\u00e1 as obriga\u00e7\u00f5es espec\u00edficas da municipalidade, quais sejam a coordena\u00e7\u00e3o e execu\u00e7\u00e3o das a\u00e7\u00f5es de vacina\u00e7\u00e3o elencadas pelo Minist\u00e9rio da Sa\u00fade e a ger\u00eancia do estoque de imunizantes e outros insumos.<\/p>\n\n\n\n<p><strong>Menor de idade vacinado<\/strong><\/p>\n\n\n\n<p>\u201cEssa recomenda\u00e7\u00e3o tamb\u00e9m se deu porque, com o plano municipal elaborado, a imuniza\u00e7\u00e3o vai seguir um planejamento, evitando o que teria ocorrido, segundo den\u00fancias, de um adolescente de 17 anos ter sido vacinado na frente de outros pessoas que deveriam ter tido prioridade. E, al\u00e9m desse documento que j\u00e1 foi encaminhado \u00e0 prefeitura, instauramos um procedimento administrativo \u00e0 parte para apurar especificamente esse caso. Inclusive, em raz\u00e3o de ele ser menor de idade, tamb\u00e9m compartilhamos informa\u00e7\u00f5es com o Minist\u00e9rio P\u00fablico do Trabalho para que aquele \u00f3rg\u00e3o adote as medidas que entender serem pertinentes\u201d, esclareceu Ilda Regina Reis.<\/p>\n","protected":false},"excerpt":{"rendered":"<p>*Com informa\u00e7\u00f5es: assessoria O Minist\u00e9rio P\u00fablico do Estado de Alagoas (MPAL) expediu recomenda\u00e7\u00e3o \u00e0 Prefeitura de Branquinha e \u00e0 Secretaria<\/p>\n","protected":false},"author":1,"featured_media":7185,"comment_status":"open","ping_status":"open","sticky":false,"template":"","format":"standard","meta":{"colormag_page_container_layout":"default_layout","colormag_page_sidebar_layout":"default_layout","footnotes":""},"categories":[22],"tags":[679,381,52],"class_list":["post-7184","post","type-post","status-publish","format-standard","has-post-thumbnail","hentry","category-cidades","tag-branquinha","tag-vacina-em-alagoas","tag-vacinacao"],"aioseo_notices":[],"_links":{"self":[{"href":"https:\/\/portalr3.online\/index.php\/wp-json\/wp\/v2\/posts\/7184","targetHints":{"allow":["GET"]}}],"collection":[{"href":"https:\/\/portalr3.online\/index.php\/wp-json\/wp\/v2\/posts"}],"about":[{"href":"https:\/\/portalr3.online\/index.php\/wp-json\/wp\/v2\/types\/post"}],"author":[{"embeddable":true,"href":"https:\/\/portalr3.online\/index.php\/wp-json\/wp\/v2\/users\/1"}],"replies":[{"embeddable":true,"href":"https:\/\/portalr3.online\/index.php\/wp-json\/wp\/v2\/comments?post=7184"}],"version-history":[{"count":0,"href":"https:\/\/portalr3.online\/index.php\/wp-json\/wp\/v2\/posts\/7184\/revisions"}],"wp:featuredmedia":[{"embeddable":true,"href":"https:\/\/portalr3.online\/index.php\/wp-json\/wp\/v2\/media\/7185"}],"wp:attachment":[{"href":"https:\/\/portalr3.online\/index.php\/wp-json\/wp\/v2\/media?parent=7184"}],"wp:term":[{"taxonomy":"category","embeddable":true,"href":"https:\/\/portalr3.online\/index.php\/wp-json\/wp\/v2\/categories?post=7184"},{"taxonomy":"post_tag","embeddable":true,"href":"https:\/\/portalr3.online\/index.php\/wp-json\/wp\/v2\/tags?post=7184"}],"curies":[{"name":"wp","href":"https:\/\/api.w.org\/{rel}","templated":true}]}}