{"id":7178,"date":"2021-05-19T15:57:45","date_gmt":"2021-05-19T18:57:45","guid":{"rendered":"https:\/\/portalnarede.com.br\/?p=7178"},"modified":"2021-05-19T15:57:45","modified_gmt":"2021-05-19T18:57:45","slug":"alagoas-e-o-primeiro-estado-a-concluir-vacinacao-de-grupos-prioritarios-contra-a-covid-19","status":"publish","type":"post","link":"https:\/\/portalr3.online\/index.php\/2021\/05\/19\/alagoas-e-o-primeiro-estado-a-concluir-vacinacao-de-grupos-prioritarios-contra-a-covid-19\/","title":{"rendered":"Alagoas \u00e9 o primeiro estado a concluir vacina\u00e7\u00e3o de grupos priorit\u00e1rios contra a Covid-19"},"content":{"rendered":"\n<p>*Com informa\u00e7\u00f5es: assessoria<\/p>\n\n\n\n<p>Alagoas conseguiu concluir a vacina\u00e7\u00e3o de todos os grupos priorit\u00e1rios em apenas quatro meses, desde a aplica\u00e7\u00e3o da primeira dose do imunizante no Estado. Segundo o que foi determinado pelo Plano Nacional de Operacionaliza\u00e7\u00e3o da Vacina\u00e7\u00e3o contra Covid-19 do Minist\u00e9rio da Sa\u00fade (MS), o Estado finalizou a imuniza\u00e7\u00e3o dos 27 grupos priorit\u00e1rios, e agora os 102 munic\u00edpios alagoanos podem avan\u00e7ar na campanha de imuniza\u00e7\u00e3o e come\u00e7ar a vacinar a popula\u00e7\u00e3o por faixa et\u00e1ria decrescente.<\/p>\n\n\n\n<p>O governador Renan Filho confirmou, nesta quarta-feira (19), em suas redes sociais, que Alagoas conseguiu imunizar os grupos priorit\u00e1rios. Este avan\u00e7o ocorre gra\u00e7as \u00e0 organiza\u00e7\u00e3o do Governo de Alagoas que, ao receber os imunizantes do Minist\u00e9rio da Sa\u00fade, distribui as doses para que os munic\u00edpios alagoanos vacinem a popula\u00e7\u00e3o.<\/p>\n\n\n\n<p>\u201cCom a chegada de novas doses, mais de 99 mil doses de vacinas, informo aos alagoanos que iremos retomar a imuniza\u00e7\u00e3o por idade. Iremos iniciar com a vacina\u00e7\u00e3o das pessoas que tem 59 e 58 anos. E assim, com a chegada de mais vacinas, vamos passar a vacinar, gradativamente, por idade decrescente. Isso significa que iremos agilizar a imuniza\u00e7\u00e3o das pessoas que n\u00e3o tem comorbidades, com idades superiores a 50 anos e depois todas as outras idades\u201d, informou o governador Renan Filho no v\u00eddeo postado na tarde da ter\u00e7a-feira (19).<\/p>\n\n\n\n<p>Para o secret\u00e1rio de Estado da Sa\u00fade, Alexandre Ayres, quando o Estado consegue finalizar a imuniza\u00e7\u00e3o dos grupos priorit\u00e1rios, \u00e9 mais uma demonstra\u00e7\u00e3o do quanto Alagoas tem se mostrado eficiente na vacina\u00e7\u00e3o.<\/p>\n\n\n\n<p>\u201cO combate \u00e0 pandemia da Covid-19 tem sido refer\u00eancia em Alagoas. J\u00e1 salvamos mais de 10 mil vidas e com a acelera\u00e7\u00e3o da vacina\u00e7\u00e3o, conseguimos alcan\u00e7ar um importante objetivo, que \u00e9 finalizar a imuniza\u00e7\u00e3o dos grupos priorit\u00e1rios. Voc\u00ea que tem 59 anos, 58 anos, que n\u00e3o possui comorbidades ou n\u00e3o tem defici\u00eancia permanente ou n\u00e3o se encaixava em nenhum grupo priorit\u00e1rio, chegou a sua vez de se vacinar.<br>Acompanhe com as Secretarias Municipais de Sa\u00fade quando as vacinas distribu\u00eddas nesta quarta [19], pela Secretaria de Estado da Sa\u00fade, devem chegar \u00e0 sua cidade e fique atento ao cronograma de vacina\u00e7\u00e3o\u201d, refor\u00e7a o secret\u00e1rio Alexandre Ayres.<\/p>\n","protected":false},"excerpt":{"rendered":"<p>*Com informa\u00e7\u00f5es: assessoria Alagoas conseguiu concluir a vacina\u00e7\u00e3o de todos os grupos priorit\u00e1rios em apenas quatro meses, desde a aplica\u00e7\u00e3o<\/p>\n","protected":false},"author":1,"featured_media":7022,"comment_status":"open","ping_status":"open","sticky":false,"template":"","format":"standard","meta":{"colormag_page_container_layout":"default_layout","colormag_page_sidebar_layout":"default_layout","footnotes":""},"categories":[10],"tags":[328],"class_list":["post-7178","post","type-post","status-publish","format-standard","has-post-thumbnail","hentry","category-noticias","tag-vacinacao-alagoas"],"aioseo_notices":[],"_links":{"self":[{"href":"https:\/\/portalr3.online\/index.php\/wp-json\/wp\/v2\/posts\/7178","targetHints":{"allow":["GET"]}}],"collection":[{"href":"https:\/\/portalr3.online\/index.php\/wp-json\/wp\/v2\/posts"}],"about":[{"href":"https:\/\/portalr3.online\/index.php\/wp-json\/wp\/v2\/types\/post"}],"author":[{"embeddable":true,"href":"https:\/\/portalr3.online\/index.php\/wp-json\/wp\/v2\/users\/1"}],"replies":[{"embeddable":true,"href":"https:\/\/portalr3.online\/index.php\/wp-json\/wp\/v2\/comments?post=7178"}],"version-history":[{"count":0,"href":"https:\/\/portalr3.online\/index.php\/wp-json\/wp\/v2\/posts\/7178\/revisions"}],"wp:featuredmedia":[{"embeddable":true,"href":"https:\/\/portalr3.online\/index.php\/wp-json\/wp\/v2\/media\/7022"}],"wp:attachment":[{"href":"https:\/\/portalr3.online\/index.php\/wp-json\/wp\/v2\/media?parent=7178"}],"wp:term":[{"taxonomy":"category","embeddable":true,"href":"https:\/\/portalr3.online\/index.php\/wp-json\/wp\/v2\/categories?post=7178"},{"taxonomy":"post_tag","embeddable":true,"href":"https:\/\/portalr3.online\/index.php\/wp-json\/wp\/v2\/tags?post=7178"}],"curies":[{"name":"wp","href":"https:\/\/api.w.org\/{rel}","templated":true}]}}