{"id":7167,"date":"2021-05-19T14:47:06","date_gmt":"2021-05-19T17:47:06","guid":{"rendered":"https:\/\/portalnarede.com.br\/?p=7167"},"modified":"2021-05-19T14:47:06","modified_gmt":"2021-05-19T17:47:06","slug":"18a-edicao-do-premio-odete-pacheco-acontece-nesta-quinta-feira-20-marcos-silva-estara-entre-os-homenageados","status":"publish","type":"post","link":"https:\/\/portalr3.online\/index.php\/2021\/05\/19\/18a-edicao-do-premio-odete-pacheco-acontece-nesta-quinta-feira-20-marcos-silva-estara-entre-os-homenageados\/","title":{"rendered":"Marcos Silva estar\u00e1 entre os homenageados da 18\u00aa Edi\u00e7\u00e3o do Pr\u00eamio Odete Pacheco que acontece nesta quinta-feira (20)"},"content":{"rendered":"\n<p>*Gabriel Teixeira &#8211; estagi\u00e1rio sob supervis\u00e3o<br>*Imagem: reprodu\u00e7\u00e3o<\/p>\n\n\n\n<p>Nesta quinta-feira (20) \u00e0s 19h30, acontece 18\u00aa edi\u00e7\u00e3o do Pr\u00eamio Radialista Odete Pacheco. O pr\u00eamio contempla os profissionais do radialismo em Alagoas. Em ano de pandemia, o evento que \u00e9 organizado pela Eventur\u2019s, ocorre de forma virtual direto do audit\u00f3rio da Federa\u00e7\u00e3o das Ind\u00fastrias do Estado de Alagoas (Fiea). O comunicador do Portal Na Rede, Marcos Silva (Marc\u00e3o), ser\u00e1 um dos homenageados do Pr\u00eamio Odete Pacheco deste ano.<\/p>\n\n\n\n<p>Marcos Silva recebe o pr\u00eamio por sua atua\u00e7\u00e3o no r\u00e1dio jornalismo na emissora R\u00e1dio Princesa FM 103,5 de Vi\u00e7osa Alagoas onde comanda um programa di\u00e1rio que \u00e9 muito forte na participa\u00e7\u00e3o popular atrav\u00e9s do \u201cWhatsApp do povo\u201d, como foi denominado.<\/p>\n\n\n\n<p>Al\u00e9m da participa\u00e7\u00e3o popular, Marcos Silva ainda comanda dois rep\u00f3rteres nas ruas da cidade de Vi\u00e7osa e da regi\u00e3o, Gilberto Luciano e Jorge Gomes. Marc\u00e3o gravou um v\u00eddeo onde enaltece o trabalho de sua equipe que se completa com o \u201cCoxinha\u201d operador de \u00e1udio, e agradece a audi\u00eancia aos seus ouvintes.<br><br>O pr\u00eamio foi criado pelos produtores culturais Marcus Assun\u00e7\u00e3o e Faf\u00e1 Rocha, com o objetivo de incentivar e reconhecer os profissionais do r\u00e1dio dos mais diversos segmentos, que colaboram com o crescimento de Alagoas.<\/p>\n\n\n\n<p>Marc\u00e3o receber\u00e1 o pr\u00eamio pela categoria Fran\u00e7a Moura, uma nova modalidade do evento. <\/p>\n","protected":false},"excerpt":{"rendered":"<p>*Gabriel Teixeira &#8211; estagi\u00e1rio sob supervis\u00e3o*Imagem: reprodu\u00e7\u00e3o Nesta quinta-feira (20) \u00e0s 19h30, acontece 18\u00aa edi\u00e7\u00e3o do Pr\u00eamio Radialista Odete Pacheco.<\/p>\n","protected":false},"author":1,"featured_media":7177,"comment_status":"open","ping_status":"open","sticky":false,"template":"","format":"standard","meta":{"colormag_page_container_layout":"default_layout","colormag_page_sidebar_layout":"default_layout","footnotes":""},"categories":[10],"tags":[676,677],"class_list":["post-7167","post","type-post","status-publish","format-standard","has-post-thumbnail","hentry","category-noticias","tag-premiacao","tag-radialismo"],"aioseo_notices":[],"_links":{"self":[{"href":"https:\/\/portalr3.online\/index.php\/wp-json\/wp\/v2\/posts\/7167","targetHints":{"allow":["GET"]}}],"collection":[{"href":"https:\/\/portalr3.online\/index.php\/wp-json\/wp\/v2\/posts"}],"about":[{"href":"https:\/\/portalr3.online\/index.php\/wp-json\/wp\/v2\/types\/post"}],"author":[{"embeddable":true,"href":"https:\/\/portalr3.online\/index.php\/wp-json\/wp\/v2\/users\/1"}],"replies":[{"embeddable":true,"href":"https:\/\/portalr3.online\/index.php\/wp-json\/wp\/v2\/comments?post=7167"}],"version-history":[{"count":0,"href":"https:\/\/portalr3.online\/index.php\/wp-json\/wp\/v2\/posts\/7167\/revisions"}],"wp:featuredmedia":[{"embeddable":true,"href":"https:\/\/portalr3.online\/index.php\/wp-json\/wp\/v2\/media\/7177"}],"wp:attachment":[{"href":"https:\/\/portalr3.online\/index.php\/wp-json\/wp\/v2\/media?parent=7167"}],"wp:term":[{"taxonomy":"category","embeddable":true,"href":"https:\/\/portalr3.online\/index.php\/wp-json\/wp\/v2\/categories?post=7167"},{"taxonomy":"post_tag","embeddable":true,"href":"https:\/\/portalr3.online\/index.php\/wp-json\/wp\/v2\/tags?post=7167"}],"curies":[{"name":"wp","href":"https:\/\/api.w.org\/{rel}","templated":true}]}}