{"id":7162,"date":"2021-05-19T13:10:42","date_gmt":"2021-05-19T16:10:42","guid":{"rendered":"https:\/\/portalnarede.com.br\/?p=7162"},"modified":"2021-05-19T13:10:42","modified_gmt":"2021-05-19T16:10:42","slug":"arapiraca-aplicacao-da-coronavac-e-retomada-para-aqueles-que-tomaram-a-primeira-dose-ate-2-de-abril","status":"publish","type":"post","link":"https:\/\/portalr3.online\/index.php\/2021\/05\/19\/arapiraca-aplicacao-da-coronavac-e-retomada-para-aqueles-que-tomaram-a-primeira-dose-ate-2-de-abril\/","title":{"rendered":"Arapiraca: aplica\u00e7\u00e3o da coronavac \u00e9 retomada para aqueles que tomaram a primeira dose at\u00e9 2 de abril"},"content":{"rendered":"\n<p>Informa\u00e7\u00f5es e Foto: ascom Prefeitura de Arapiraca<\/p>\n\n\n\n<p>A Prefeitura de Arapiraca, atrav\u00e9s da Secretaria Municipal de Sa\u00fade, informa que retomar\u00e1, a partir desta quinta-feira (20), a aplica\u00e7\u00e3o da segunda dose da Coronavac. Receber\u00e3o a segunda dose exclusivamente os arapiraquenses que tomaram a Coronavac at\u00e9 dia 2 de abril.<\/p>\n\n\n\n<p>De acordo com a coordenadora de Doen\u00e7as Imunopreven\u00edvies de Arapiraca, enfermeira M\u00f4nica Suzy, todos os dias ser\u00e3o liberadas vacinas para a aplica\u00e7\u00e3o de novas pessoas \u00e0 segunda dose da Coronavac.<\/p>\n\n\n\n<p>\u201cReceberemos todas as doses que precisamos para complementar a imuniza\u00e7\u00e3o dos arapiraquenses que tomaram Coronavac, mas precisamos fazer a aplica\u00e7\u00e3o de forma gradativa para evitar aglomera\u00e7\u00e3o\u201d, disse a profissional de Sa\u00fade.<\/p>\n\n\n\n<p>A aplica\u00e7\u00e3o da segunda dose da Coronavac ser\u00e1 feita nos tr\u00eas postos de vacina\u00e7\u00e3o, que funcionar\u00e3o com hor\u00e1rio estendido: Sesc Arapiraca, das 8h \u00e0s 20h, Gin\u00e1sio da Escola Pedro Reis, das 8h \u00e0s 20h, e Drive Thru do Arapiraca Garden Shopping, das 8h \u00e0s 22h.<\/p>\n","protected":false},"excerpt":{"rendered":"<p>Informa\u00e7\u00f5es e Foto: ascom Prefeitura de Arapiraca A Prefeitura de Arapiraca, atrav\u00e9s da Secretaria Municipal de Sa\u00fade, informa que retomar\u00e1,<\/p>\n","protected":false},"author":1,"featured_media":6469,"comment_status":"open","ping_status":"open","sticky":false,"template":"","format":"standard","meta":{"colormag_page_container_layout":"default_layout","colormag_page_sidebar_layout":"default_layout","footnotes":""},"categories":[22],"tags":[48,675],"class_list":["post-7162","post","type-post","status-publish","format-standard","has-post-thumbnail","hentry","category-cidades","tag-coronavac","tag-coronavac-arapiraca"],"aioseo_notices":[],"_links":{"self":[{"href":"https:\/\/portalr3.online\/index.php\/wp-json\/wp\/v2\/posts\/7162","targetHints":{"allow":["GET"]}}],"collection":[{"href":"https:\/\/portalr3.online\/index.php\/wp-json\/wp\/v2\/posts"}],"about":[{"href":"https:\/\/portalr3.online\/index.php\/wp-json\/wp\/v2\/types\/post"}],"author":[{"embeddable":true,"href":"https:\/\/portalr3.online\/index.php\/wp-json\/wp\/v2\/users\/1"}],"replies":[{"embeddable":true,"href":"https:\/\/portalr3.online\/index.php\/wp-json\/wp\/v2\/comments?post=7162"}],"version-history":[{"count":0,"href":"https:\/\/portalr3.online\/index.php\/wp-json\/wp\/v2\/posts\/7162\/revisions"}],"wp:featuredmedia":[{"embeddable":true,"href":"https:\/\/portalr3.online\/index.php\/wp-json\/wp\/v2\/media\/6469"}],"wp:attachment":[{"href":"https:\/\/portalr3.online\/index.php\/wp-json\/wp\/v2\/media?parent=7162"}],"wp:term":[{"taxonomy":"category","embeddable":true,"href":"https:\/\/portalr3.online\/index.php\/wp-json\/wp\/v2\/categories?post=7162"},{"taxonomy":"post_tag","embeddable":true,"href":"https:\/\/portalr3.online\/index.php\/wp-json\/wp\/v2\/tags?post=7162"}],"curies":[{"name":"wp","href":"https:\/\/api.w.org\/{rel}","templated":true}]}}