{"id":7159,"date":"2021-05-19T13:02:24","date_gmt":"2021-05-19T16:02:24","guid":{"rendered":"https:\/\/portalnarede.com.br\/?p=7159"},"modified":"2021-05-19T13:02:24","modified_gmt":"2021-05-19T16:02:24","slug":"cpi-da-covid-19-general-eduardo-pazuello-depoe-sobre-a-atuacao-no-ministerio-da-saude","status":"publish","type":"post","link":"https:\/\/portalr3.online\/index.php\/2021\/05\/19\/cpi-da-covid-19-general-eduardo-pazuello-depoe-sobre-a-atuacao-no-ministerio-da-saude\/","title":{"rendered":"CPI da Covid-19: General Eduardo Pazuello dep\u00f5e sobre a atua\u00e7\u00e3o no Minist\u00e9rio da Sa\u00fade"},"content":{"rendered":"\n<p>A CPI da Covid-19 segue nesta quarta-feira (19) com a presen\u00e7a do Ex-Ministro da Sa\u00fade, General Eduardo Pazuello.<\/p>\n\n\n\n<p>A presen\u00e7a do General na CPI foi tema pol\u00eamico durante as \u00faltimas semanas. Primeiro, Pazzuello pediu para n\u00e3o ir a CPI na data marcada alegando contato com pessoas infectadas com a Covid-19. No entanto, o presidente da CPI, Omar Aziz (PSD-AM)), remarcou a data refor\u00e7ando a import\u00e2ncia da presen\u00e7a do Ex-Ministro na CPI.<\/p>\n\n\n\n<p>Durante a semana, Pazuello entrou com a\u00e7\u00e3o junto ao Supremo Tribunal Federal (STF) pedindo para ter a possibilidade de n\u00e3o responder aos questionamentos na CPI. O Ministro do STF, Ricardo Lewandwski reconheceu o direito de Pazuello ficar em sil\u00eancio sobre quest\u00f5es que o incriminem. Por\u00e9m, n\u00e3o liberou o Ex-ministro da Sa\u00fade de comparecer a CPI, nem de informar tudo o que for relativo a terceiros.<\/p>\n\n\n\n<p>Neste momento, Pazuello dep\u00f5e no Senado e voc\u00ea pode acompanhar tudo ao vivo, no Youtube do NaRedeOficial.<\/p>\n\n\n\n<figure class=\"wp-block-embed is-type-video is-provider-youtube wp-block-embed-youtube wp-embed-aspect-4-3 wp-has-aspect-ratio\"><div class=\"wp-block-embed__wrapper\">\n<iframe loading=\"lazy\" title=\"PAZUELLO NA CPI DA COVID AO VIVO  - TV SENADO\" width=\"800\" height=\"450\" src=\"https:\/\/www.youtube.com\/embed\/i4Ev4DbMO98?feature=oembed\" frameborder=\"0\" allow=\"accelerometer; autoplay; clipboard-write; encrypted-media; gyroscope; picture-in-picture\" allowfullscreen><\/iframe>\n<\/div><\/figure>\n","protected":false},"excerpt":{"rendered":"<p>A CPI da Covid-19 segue nesta quarta-feira (19) com a presen\u00e7a do Ex-Ministro da Sa\u00fade, General Eduardo Pazuello. A presen\u00e7a<\/p>\n","protected":false},"author":1,"featured_media":7160,"comment_status":"open","ping_status":"open","sticky":false,"template":"","format":"standard","meta":{"colormag_page_container_layout":"default_layout","colormag_page_sidebar_layout":"default_layout","footnotes":""},"categories":[672],"tags":[335,671,202,673,674],"class_list":["post-7159","post","type-post","status-publish","format-standard","has-post-thumbnail","hentry","category-cpi-covid","tag-cpi","tag-cpi-covid","tag-cpi-da-pandemia","tag-cpi-pazuello","tag-cpi-renan"],"aioseo_notices":[],"_links":{"self":[{"href":"https:\/\/portalr3.online\/index.php\/wp-json\/wp\/v2\/posts\/7159","targetHints":{"allow":["GET"]}}],"collection":[{"href":"https:\/\/portalr3.online\/index.php\/wp-json\/wp\/v2\/posts"}],"about":[{"href":"https:\/\/portalr3.online\/index.php\/wp-json\/wp\/v2\/types\/post"}],"author":[{"embeddable":true,"href":"https:\/\/portalr3.online\/index.php\/wp-json\/wp\/v2\/users\/1"}],"replies":[{"embeddable":true,"href":"https:\/\/portalr3.online\/index.php\/wp-json\/wp\/v2\/comments?post=7159"}],"version-history":[{"count":0,"href":"https:\/\/portalr3.online\/index.php\/wp-json\/wp\/v2\/posts\/7159\/revisions"}],"wp:featuredmedia":[{"embeddable":true,"href":"https:\/\/portalr3.online\/index.php\/wp-json\/wp\/v2\/media\/7160"}],"wp:attachment":[{"href":"https:\/\/portalr3.online\/index.php\/wp-json\/wp\/v2\/media?parent=7159"}],"wp:term":[{"taxonomy":"category","embeddable":true,"href":"https:\/\/portalr3.online\/index.php\/wp-json\/wp\/v2\/categories?post=7159"},{"taxonomy":"post_tag","embeddable":true,"href":"https:\/\/portalr3.online\/index.php\/wp-json\/wp\/v2\/tags?post=7159"}],"curies":[{"name":"wp","href":"https:\/\/api.w.org\/{rel}","templated":true}]}}