{"id":7155,"date":"2021-05-19T12:02:57","date_gmt":"2021-05-19T15:02:57","guid":{"rendered":"https:\/\/portalnarede.com.br\/?p=7155"},"modified":"2021-05-19T12:02:57","modified_gmt":"2021-05-19T15:02:57","slug":"suspeito-de-estuprar-crianca-de-13-anos-e-preso-no-bom-parto-homem-ja-respondia-por-trafico-de-drogas","status":"publish","type":"post","link":"https:\/\/portalr3.online\/index.php\/2021\/05\/19\/suspeito-de-estuprar-crianca-de-13-anos-e-preso-no-bom-parto-homem-ja-respondia-por-trafico-de-drogas\/","title":{"rendered":"Suspeito de estuprar crian\u00e7a de 13 anos \u00e9 preso no Bom Parto; homem j\u00e1 respondia por tr\u00e1fico de drogas"},"content":{"rendered":"\n<p><em>Imagem: PC<\/em><\/p>\n\n\n\n<p>*Jo\u00e3o Pedro Magnani &#8211; estagi\u00e1rio sob supervis\u00e3o <\/p>\n\n\n\n<p>Um suspeito de estuprar uma crian\u00e7a de treze anos foi preso nessa ter\u00e7a-feira (18). Segundo os policias civis da Delegacia dos Crimes contra a Crian\u00e7a e Adolescente da Capital (DCCCA), o indiv\u00edduo foi pego no bairro do Bom Parto, em Macei\u00f3.<\/p>\n\n\n\n<p>De acordo com os agentes civis, o poss\u00edvel agressor, tio da v\u00edtima, que n\u00e3o teve a identidade revelada, j\u00e1 respondia por tr\u00e1fico de drogas.<\/p>\n\n\n\n<p>&#8220;A v\u00edtima foi amea\u00e7ada de morte pelo autor do estupro. Foi mais uma das a\u00e7\u00f5es realizadas para prevenir e repreender o abuso e explora\u00e7\u00e3o sexual infantil neste dia 18 de maio&#8221;, afirmou, Adriana Gusm\u00e3o, delegada que comanda as investiga\u00e7\u00f5es.<\/p>\n\n\n\n<p>Desde a semana passada, esta j\u00e1 \u00e9 a quinta pris\u00e3o feita pela Delegacia dos Crimes contra Crian\u00e7a e Adolescente da Capital (DCCCA)&nbsp;por abuso sexual infantil.&nbsp;<\/p>\n","protected":false},"excerpt":{"rendered":"<p>Imagem: PC *Jo\u00e3o Pedro Magnani &#8211; estagi\u00e1rio sob supervis\u00e3o Um suspeito de estuprar uma crian\u00e7a de treze anos foi preso<\/p>\n","protected":false},"author":1,"featured_media":1982,"comment_status":"open","ping_status":"open","sticky":false,"template":"","format":"standard","meta":{"colormag_page_container_layout":"default_layout","colormag_page_sidebar_layout":"default_layout","footnotes":""},"categories":[10],"tags":[85,86,139,330],"class_list":["post-7155","post","type-post","status-publish","format-standard","has-post-thumbnail","hentry","category-noticias","tag-crianca","tag-estupro","tag-jovem","tag-policia-civil"],"aioseo_notices":[],"_links":{"self":[{"href":"https:\/\/portalr3.online\/index.php\/wp-json\/wp\/v2\/posts\/7155","targetHints":{"allow":["GET"]}}],"collection":[{"href":"https:\/\/portalr3.online\/index.php\/wp-json\/wp\/v2\/posts"}],"about":[{"href":"https:\/\/portalr3.online\/index.php\/wp-json\/wp\/v2\/types\/post"}],"author":[{"embeddable":true,"href":"https:\/\/portalr3.online\/index.php\/wp-json\/wp\/v2\/users\/1"}],"replies":[{"embeddable":true,"href":"https:\/\/portalr3.online\/index.php\/wp-json\/wp\/v2\/comments?post=7155"}],"version-history":[{"count":0,"href":"https:\/\/portalr3.online\/index.php\/wp-json\/wp\/v2\/posts\/7155\/revisions"}],"wp:featuredmedia":[{"embeddable":true,"href":"https:\/\/portalr3.online\/index.php\/wp-json\/"}],"wp:attachment":[{"href":"https:\/\/portalr3.online\/index.php\/wp-json\/wp\/v2\/media?parent=7155"}],"wp:term":[{"taxonomy":"category","embeddable":true,"href":"https:\/\/portalr3.online\/index.php\/wp-json\/wp\/v2\/categories?post=7155"},{"taxonomy":"post_tag","embeddable":true,"href":"https:\/\/portalr3.online\/index.php\/wp-json\/wp\/v2\/tags?post=7155"}],"curies":[{"name":"wp","href":"https:\/\/api.w.org\/{rel}","templated":true}]}}