{"id":7150,"date":"2021-05-19T10:54:05","date_gmt":"2021-05-19T13:54:05","guid":{"rendered":"https:\/\/portalnarede.com.br\/?p=7150"},"modified":"2021-05-19T10:54:05","modified_gmt":"2021-05-19T13:54:05","slug":"homem-e-encontrado-morto-vitima-de-arma-branca-em-uma-grota-no-barro-duro-em-maceio","status":"publish","type":"post","link":"https:\/\/portalr3.online\/index.php\/2021\/05\/19\/homem-e-encontrado-morto-vitima-de-arma-branca-em-uma-grota-no-barro-duro-em-maceio\/","title":{"rendered":"Homem \u00e9 encontrado morto v\u00edtima de arma branca em uma grota no Barro Duro, em Macei\u00f3"},"content":{"rendered":"\n<p><em>Imagem: IML<\/em><\/p>\n\n\n\n<p><em>*Jo\u00e3o Pedro Magnani &#8211; estagi\u00e1rio sob supervis\u00e3o<\/em><\/p>\n\n\n\n<p>Um homem morreu v\u00edtima de arma branca, nessa ter\u00e7a-feira (18), em uma grota. Segundo o relat\u00f3rio do Centro Integrado de Opera\u00e7\u00f5es, no momento em que os policiais militares chegaram no local, o indiv\u00edduo j\u00e1 n\u00e3o apresentava sinais vitais. O crime ocorreu no bairro do Barro Duro, em Macei\u00f3.<\/p>\n\n\n\n<p>A v\u00edtima, de aproximadamente 25 anos, cor parda, n\u00e3o foi identificada pela guarni\u00e7\u00e3o da Guardi\u00e3 02, pertencente ao Batalh\u00e3o de Pol\u00edcia e Eventos (BPE), que esteve no local e constatou o fato. De acordo com os militares, ela utilizava um fixador externo em um dos bra\u00e7os.<\/p>\n\n\n\n<p>O crime foi constatado ap\u00f3s a den\u00fancia, por meio do 190, de homic\u00eddio no bairro do Barro Duro, em Macei\u00f3. Apesar da presen\u00e7a de populares pr\u00f3ximos ao corpo do homem, ningu\u00e9m soube informar sobre um poss\u00edvel suspeito ou motiva\u00e7\u00e3o para o homic\u00eddio.<\/p>\n\n\n\n<p>Equipes do Instituto de Criminal\u00edstica (IC), Instituto M\u00e9dico Legal (IML) e Delegacia de Homic\u00eddios e Prote\u00e7\u00e3o \u00e0 Pessoa (DHPP), al\u00e9m dos policias militares, se fizeram presentes no local.<\/p>\n","protected":false},"excerpt":{"rendered":"<p>Imagem: IML *Jo\u00e3o Pedro Magnani &#8211; estagi\u00e1rio sob supervis\u00e3o Um homem morreu v\u00edtima de arma branca, nessa ter\u00e7a-feira (18), em<\/p>\n","protected":false},"author":1,"featured_media":862,"comment_status":"open","ping_status":"open","sticky":false,"template":"","format":"standard","meta":{"colormag_page_container_layout":"default_layout","colormag_page_sidebar_layout":"default_layout","footnotes":""},"categories":[10],"tags":[264,88],"class_list":["post-7150","post","type-post","status-publish","format-standard","has-post-thumbnail","hentry","category-noticias","tag-arma-branca","tag-homem"],"aioseo_notices":[],"_links":{"self":[{"href":"https:\/\/portalr3.online\/index.php\/wp-json\/wp\/v2\/posts\/7150","targetHints":{"allow":["GET"]}}],"collection":[{"href":"https:\/\/portalr3.online\/index.php\/wp-json\/wp\/v2\/posts"}],"about":[{"href":"https:\/\/portalr3.online\/index.php\/wp-json\/wp\/v2\/types\/post"}],"author":[{"embeddable":true,"href":"https:\/\/portalr3.online\/index.php\/wp-json\/wp\/v2\/users\/1"}],"replies":[{"embeddable":true,"href":"https:\/\/portalr3.online\/index.php\/wp-json\/wp\/v2\/comments?post=7150"}],"version-history":[{"count":0,"href":"https:\/\/portalr3.online\/index.php\/wp-json\/wp\/v2\/posts\/7150\/revisions"}],"wp:featuredmedia":[{"embeddable":true,"href":"https:\/\/portalr3.online\/index.php\/wp-json\/"}],"wp:attachment":[{"href":"https:\/\/portalr3.online\/index.php\/wp-json\/wp\/v2\/media?parent=7150"}],"wp:term":[{"taxonomy":"category","embeddable":true,"href":"https:\/\/portalr3.online\/index.php\/wp-json\/wp\/v2\/categories?post=7150"},{"taxonomy":"post_tag","embeddable":true,"href":"https:\/\/portalr3.online\/index.php\/wp-json\/wp\/v2\/tags?post=7150"}],"curies":[{"name":"wp","href":"https:\/\/api.w.org\/{rel}","templated":true}]}}