{"id":7144,"date":"2021-05-19T09:41:14","date_gmt":"2021-05-19T12:41:14","guid":{"rendered":"https:\/\/portalnarede.com.br\/?p=7144"},"modified":"2021-05-19T09:41:14","modified_gmt":"2021-05-19T12:41:14","slug":"covid-19-prefeitura-de-maceio-prepara-calendario-para-vacinacao-por-idade-hoje-e-o-ultimo-dia-de-imunizacao-para-os-grupos-prioritarios","status":"publish","type":"post","link":"https:\/\/portalr3.online\/index.php\/2021\/05\/19\/covid-19-prefeitura-de-maceio-prepara-calendario-para-vacinacao-por-idade-hoje-e-o-ultimo-dia-de-imunizacao-para-os-grupos-prioritarios\/","title":{"rendered":"Covid-19: Prefeitura de Macei\u00f3 prepara calend\u00e1rio para vacina\u00e7\u00e3o por idade; hoje \u00e9 o \u00faltimo dia de imuniza\u00e7\u00e3o para os grupos priorit\u00e1rios"},"content":{"rendered":"\n<p><em>Imagem: Secom<\/em><\/p>\n\n\n\n<p><em>*Jo\u00e3o Pedro Magnani &#8211; estagi\u00e1rio sob supervis\u00e3o<\/em><\/p>\n\n\n\n<p>A prefeitura de Macei\u00f3 tem a expectativa de concluir, nesta quarta-feira (19), \u00a0a vacina\u00e7\u00e3o contra a Covid-19 para os grupos priorit\u00e1rios. Com isto, de acordo com o prefeito JHC, a capital alagoana inicia uma prepara\u00e7\u00e3o para o retorno da imuniza\u00e7\u00e3o por idades<\/p>\n\n\n\n<p>\u201cMacei\u00f3 conclui amanh\u00e3 a vacina\u00e7\u00e3o dos grupos priorit\u00e1rios. \u00c9 a primeira capital a atingir esse objetivo t\u00e3o importante e o resultado \u00e9 o fruto de muito empenho e compromisso. Em breve, vamos divulgar o calend\u00e1rio de vacina\u00e7\u00e3o em massa. Macei\u00f3 segue avan\u00e7ando!\u201d, escreveu, nessa ter\u00e7a-ter\u00e7a (18), JHC.<\/p>\n\n\n\n<p>O comunicado do prefeito de Macei\u00f3 vem logo ap\u00f3s o anuncio da chegada de mais de 99 mil doses de imunizantes para a Covid-19 em Alagoas.<\/p>\n\n\n\n<p>De acordo com o Vacin\u00f4metro, presente no site Vacina Macei\u00f3, mais de 300 mil doses foram aplicadas na capital; sendo 213.850 mil referentes a primeira dose e 97.744 mil referentes a segunda.<\/p>\n\n\n\n<p>No momento, trabalhadores da limpeza urbana com 18 anos ou mais e trabalhadores da ind\u00fastria e constru\u00e7\u00e3o civil, a partir de 35 anos, que fazem parte dos dois \u00faltimos grupos priorit\u00e1rios, est\u00e3o recebendo os imunizantes.<\/p>\n","protected":false},"excerpt":{"rendered":"<p>Imagem: Secom *Jo\u00e3o Pedro Magnani &#8211; estagi\u00e1rio sob supervis\u00e3o A prefeitura de Macei\u00f3 tem a expectativa de concluir, nesta quarta-feira<\/p>\n","protected":false},"author":1,"featured_media":7145,"comment_status":"open","ping_status":"open","sticky":false,"template":"","format":"standard","meta":{"colormag_page_container_layout":"default_layout","colormag_page_sidebar_layout":"default_layout","footnotes":""},"categories":[10],"tags":[442,140,37,110],"class_list":["post-7144","post","type-post","status-publish","format-standard","has-post-thumbnail","hentry","category-noticias","tag-governo-de-alagoas","tag-jhc","tag-maceio","tag-vacina"],"aioseo_notices":[],"_links":{"self":[{"href":"https:\/\/portalr3.online\/index.php\/wp-json\/wp\/v2\/posts\/7144","targetHints":{"allow":["GET"]}}],"collection":[{"href":"https:\/\/portalr3.online\/index.php\/wp-json\/wp\/v2\/posts"}],"about":[{"href":"https:\/\/portalr3.online\/index.php\/wp-json\/wp\/v2\/types\/post"}],"author":[{"embeddable":true,"href":"https:\/\/portalr3.online\/index.php\/wp-json\/wp\/v2\/users\/1"}],"replies":[{"embeddable":true,"href":"https:\/\/portalr3.online\/index.php\/wp-json\/wp\/v2\/comments?post=7144"}],"version-history":[{"count":0,"href":"https:\/\/portalr3.online\/index.php\/wp-json\/wp\/v2\/posts\/7144\/revisions"}],"wp:featuredmedia":[{"embeddable":true,"href":"https:\/\/portalr3.online\/index.php\/wp-json\/wp\/v2\/media\/7145"}],"wp:attachment":[{"href":"https:\/\/portalr3.online\/index.php\/wp-json\/wp\/v2\/media?parent=7144"}],"wp:term":[{"taxonomy":"category","embeddable":true,"href":"https:\/\/portalr3.online\/index.php\/wp-json\/wp\/v2\/categories?post=7144"},{"taxonomy":"post_tag","embeddable":true,"href":"https:\/\/portalr3.online\/index.php\/wp-json\/wp\/v2\/tags?post=7144"}],"curies":[{"name":"wp","href":"https:\/\/api.w.org\/{rel}","templated":true}]}}