{"id":7105,"date":"2021-05-18T12:23:54","date_gmt":"2021-05-18T15:23:54","guid":{"rendered":"https:\/\/portalnarede.com.br\/?p=7105"},"modified":"2021-05-18T12:23:54","modified_gmt":"2021-05-18T15:23:54","slug":"video-incendio-de-grandes-proporcoes-atinge-loja-de-descartaveis-em-maceio-8-viaturas-do-corpo-de-bombeiros-sao-acionadas","status":"publish","type":"post","link":"https:\/\/portalr3.online\/index.php\/2021\/05\/18\/video-incendio-de-grandes-proporcoes-atinge-loja-de-descartaveis-em-maceio-8-viaturas-do-corpo-de-bombeiros-sao-acionadas\/","title":{"rendered":"V\u00eddeo: Inc\u00eandio de grandes propor\u00e7\u00f5es atinge loja de descart\u00e1veis em Macei\u00f3; 8 viaturas do Corpo de Bombeiros s\u00e3o acionadas"},"content":{"rendered":"\n<p>Imagem e v\u00eddeos: redes sociais<\/p>\n\n\n\n<p>Um inc\u00eandio de grandes propor\u00e7\u00f5es atingiu um estabelecimento comercial de descart\u00e1veis na Avenida Macei\u00f3, no bairro do Tabuleiro do Martins, parte alta da capital, no final da manh\u00e3 desta ter\u00e7a-feira (18). O Corpo de Bombeiros foi acionado para o combate as chamas.<\/p>\n\n\n\n<p>De acordo com o registro da ocorr\u00eancia, oito viaturas e vinte e um militares do Corpo de Bombeiros foram deslocados pelo local. <\/p>\n\n\n\n<p>N\u00e3o h\u00e1 informa\u00e7\u00f5es sobre o que teria provocado o  inc\u00eandio, mas segundo informa\u00e7\u00f5es de populares, um barulho semelhante a uma explos\u00e3o foi ouvido antes do in\u00edcio das chamas.<\/p>\n\n\n\n<p>V\u00eddeos mostram o pr\u00e9dio sendo consumido pelas chamas.  Lojistas, ambulantes e populares se assustam com o tamanho do inc\u00eandio, que se propagou com facilidade j\u00e1 que o estabelecimento vende materiais descart\u00e1veis facilmente consumidos pelo fogo.<\/p>\n\n\n\n<p><strong><em>Veja o v\u00eddeo: <\/em><\/strong><\/p>\n\n\n\n<figure class=\"wp-block-video\"><video height=\"640\" style=\"aspect-ratio: 512 \/ 640;\" width=\"512\" controls src=\"https:\/\/portalnarede.com.br\/wp-content\/uploads\/2021\/05\/WhatsApp-Video-2021-05-18-at-12.19.52.mp4\"><\/video><\/figure>\n","protected":false},"excerpt":{"rendered":"<p>Imagem e v\u00eddeos: redes sociais Um inc\u00eandio de grandes propor\u00e7\u00f5es atingiu um estabelecimento comercial de descart\u00e1veis na Avenida Macei\u00f3, no<\/p>\n","protected":false},"author":1,"featured_media":7109,"comment_status":"open","ping_status":"open","sticky":false,"template":"","format":"standard","meta":{"colormag_page_container_layout":"default_layout","colormag_page_sidebar_layout":"default_layout","footnotes":""},"categories":[10],"tags":[188,660,189,661,37],"class_list":["post-7105","post","type-post","status-publish","format-standard","has-post-thumbnail","hentry","category-noticias","tag-corpo-de-bombeiros","tag-descartaveis","tag-incendio","tag-loja","tag-maceio"],"aioseo_notices":[],"_links":{"self":[{"href":"https:\/\/portalr3.online\/index.php\/wp-json\/wp\/v2\/posts\/7105","targetHints":{"allow":["GET"]}}],"collection":[{"href":"https:\/\/portalr3.online\/index.php\/wp-json\/wp\/v2\/posts"}],"about":[{"href":"https:\/\/portalr3.online\/index.php\/wp-json\/wp\/v2\/types\/post"}],"author":[{"embeddable":true,"href":"https:\/\/portalr3.online\/index.php\/wp-json\/wp\/v2\/users\/1"}],"replies":[{"embeddable":true,"href":"https:\/\/portalr3.online\/index.php\/wp-json\/wp\/v2\/comments?post=7105"}],"version-history":[{"count":0,"href":"https:\/\/portalr3.online\/index.php\/wp-json\/wp\/v2\/posts\/7105\/revisions"}],"wp:featuredmedia":[{"embeddable":true,"href":"https:\/\/portalr3.online\/index.php\/wp-json\/wp\/v2\/media\/7109"}],"wp:attachment":[{"href":"https:\/\/portalr3.online\/index.php\/wp-json\/wp\/v2\/media?parent=7105"}],"wp:term":[{"taxonomy":"category","embeddable":true,"href":"https:\/\/portalr3.online\/index.php\/wp-json\/wp\/v2\/categories?post=7105"},{"taxonomy":"post_tag","embeddable":true,"href":"https:\/\/portalr3.online\/index.php\/wp-json\/wp\/v2\/tags?post=7105"}],"curies":[{"name":"wp","href":"https:\/\/api.w.org\/{rel}","templated":true}]}}