{"id":7094,"date":"2021-05-18T09:50:28","date_gmt":"2021-05-18T12:50:28","guid":{"rendered":"https:\/\/portalnarede.com.br\/?p=7094"},"modified":"2021-05-18T09:50:28","modified_gmt":"2021-05-18T12:50:28","slug":"caixa-paga-nesta-terca-18-auxilio-emergencial-a-nascidos-em-fevereiro","status":"publish","type":"post","link":"https:\/\/portalr3.online\/index.php\/2021\/05\/18\/caixa-paga-nesta-terca-18-auxilio-emergencial-a-nascidos-em-fevereiro\/","title":{"rendered":"Caixa paga nesta ter\u00e7a (18) aux\u00edlio emergencial a nascidos em fevereiro"},"content":{"rendered":"\n<p>*Com informa\u00e7\u00f5es e imagem: Ag\u00eancia Brasil<\/p>\n\n\n\n<p>Trabalhadores informais nascidos em fevereiro recebem\u00a0nesta ter\u00e7a-feira (18) a\u00a0segunda\u00a0parcela da nova rodada do aux\u00edlio emergencial. O benef\u00edcio\u00a0ter\u00e1 parcelas de R$ 150 a R$ 375, dependendo da fam\u00edlia.<img decoding=\"async\" src=\"https:\/\/agenciabrasil.ebc.com.br\/ebc.png?id=1410009&amp;o=node\"><img decoding=\"async\" src=\"https:\/\/agenciabrasil.ebc.com.br\/ebc.gif?id=1410009&amp;o=node\">Tamb\u00e9m\u00a0hoje, benefici\u00e1rios do Bolsa Fam\u00edlia com o N\u00famero de Inscri\u00e7\u00e3o Social (NIS) de d\u00edgito final 1 e inscritos no Cadastro \u00danico de Programas Sociais do Governo Federal (Cad\u00danico) nascidos no mesmo m\u00eas poder\u00e3o sacar seus benef\u00edcios.<\/p>\n\n\n\n<p>O dinheiro ser\u00e1 depositado nas contas poupan\u00e7a digitais e poder\u00e1 ser movimentado pelo aplicativo Caixa Tem. Somente de duas a tr\u00eas semanas ap\u00f3s o dep\u00f3sito, o dinheiro poder\u00e1 ser sacado em esp\u00e9cie ou transferido para uma conta-corrente.<\/p>\n\n\n\n<p>Na \u00faltima&nbsp;quinta-feira (13), a Caixa anunciou a antecipa\u00e7\u00e3o do pagamento da&nbsp;segunda&nbsp;parcela. O calend\u00e1rio de dep\u00f3sitos, que come\u00e7ou no \u00faltimo&nbsp;domingo&nbsp;(16) e terminaria em&nbsp;16 de junho, teve o fim antecipado para&nbsp;30 de maio.<\/p>\n\n\n\n<figure class=\"wp-block-image\"><img decoding=\"async\" src=\"https:\/\/imagens.ebc.com.br\/PbCyYLgVSkK8rMSuSoWj63Y_Qco=\/754x0\/smart\/https:\/\/agenciabrasil.ebc.com.br\/sites\/default\/files\/thumbnails\/image\/001_14.jpg?itok=wl3gMzFZ\" alt=\"CALEND\u00c1RIO DA SEGUNDA\nPARCELA DO AUX\u00cdLIO EMERGENCIAL 2021\" title=\"Divulga\u00e7\u00e3o Governo Federal\"\/><\/figure>\n\n\n\n<p>CALEND\u00c1RIO DA SEGUNDA PARCELA DO AUX\u00cdLIO EMERGENCIAL 2021 &#8211; Divulga\u00e7\u00e3o Governo Federal<\/p>\n\n\n\n<p>Ao todo 45,6 milh\u00f5es de brasileiros ser\u00e3o beneficiados pela nova rodada do aux\u00edlio emergencial. O aux\u00edlio ser\u00e1 pago apenas a quem recebia o benef\u00edcio em dezembro de 2020. Tamb\u00e9m \u00e9 necess\u00e1rio cumprir outros requisitos para&nbsp;ter&nbsp;direito \u00e0 nova rodada (veja guia de perguntas e respostas no \u00faltimo par\u00e1grafo).<\/p>\n\n\n\n<p>Para os benefici\u00e1rios do Bolsa Fam\u00edlia, o pagamento ocorre de forma distinta. Os inscritos podem sacar diretamente o dinheiro nos dez \u00faltimos dias \u00fateis de cada m\u00eas, com base no d\u00edgito final do NIS.<br><br>O pagamento da&nbsp;segunda&nbsp;parcela aos inscritos no Bolsa Fam\u00edlia come\u00e7a&nbsp;hoje&nbsp;e segue at\u00e9 o dia 30. O aux\u00edlio emergencial somente ser\u00e1 depositado quando o valor for superior ao benef\u00edcio do programa social.<\/p>\n\n\n\n<figure class=\"wp-block-image\"><img decoding=\"async\" src=\"https:\/\/imagens.ebc.com.br\/C3BYm65pHy6gc_JInbCiAsrz8bE=\/754x0\/smart\/https:\/\/agenciabrasil.ebc.com.br\/sites\/default\/files\/thumbnails\/image\/calendario_auxilio_parcelas_consolidado_bolsa-familia.png?itok=8dSYWK4C\" alt=\"Calend\u00e1rio de pagamento das parcelas do aux\u00edlio emergencial.\" title=\"Arte\/Ag\u00eancia Brasil\"\/><\/figure>\n\n\n\n<p>Calend\u00e1rio de pagamento das parcelas do aux\u00edlio emergencial. &#8211;&nbsp;<strong>Arte\/Ag\u00eancia Brasil<\/strong><\/p>\n\n\n\n<p>Em todos os casos, o aux\u00edlio ser\u00e1 pago apenas a quem recebia o benef\u00edcio em dezembro de 2020. Tamb\u00e9m \u00e9 necess\u00e1rio cumprir outros requisitos para\u00a0ter\u00a0direito \u00e0 nova rodada (veja guia de perguntas e respostas).<br><br><\/p>\n","protected":false},"excerpt":{"rendered":"<p>*Com informa\u00e7\u00f5es e imagem: Ag\u00eancia Brasil Trabalhadores informais nascidos em fevereiro recebem\u00a0nesta ter\u00e7a-feira (18) a\u00a0segunda\u00a0parcela da nova rodada do aux\u00edlio<\/p>\n","protected":false},"author":1,"featured_media":7005,"comment_status":"open","ping_status":"open","sticky":false,"template":"","format":"standard","meta":{"colormag_page_container_layout":"default_layout","colormag_page_sidebar_layout":"default_layout","footnotes":""},"categories":[107],"tags":[545,597,654,599],"class_list":["post-7094","post","type-post","status-publish","format-standard","has-post-thumbnail","hentry","category-brasil","tag-auxilio","tag-caixa","tag-emergencial","tag-pagamento"],"aioseo_notices":[],"_links":{"self":[{"href":"https:\/\/portalr3.online\/index.php\/wp-json\/wp\/v2\/posts\/7094","targetHints":{"allow":["GET"]}}],"collection":[{"href":"https:\/\/portalr3.online\/index.php\/wp-json\/wp\/v2\/posts"}],"about":[{"href":"https:\/\/portalr3.online\/index.php\/wp-json\/wp\/v2\/types\/post"}],"author":[{"embeddable":true,"href":"https:\/\/portalr3.online\/index.php\/wp-json\/wp\/v2\/users\/1"}],"replies":[{"embeddable":true,"href":"https:\/\/portalr3.online\/index.php\/wp-json\/wp\/v2\/comments?post=7094"}],"version-history":[{"count":0,"href":"https:\/\/portalr3.online\/index.php\/wp-json\/wp\/v2\/posts\/7094\/revisions"}],"wp:featuredmedia":[{"embeddable":true,"href":"https:\/\/portalr3.online\/index.php\/wp-json\/wp\/v2\/media\/7005"}],"wp:attachment":[{"href":"https:\/\/portalr3.online\/index.php\/wp-json\/wp\/v2\/media?parent=7094"}],"wp:term":[{"taxonomy":"category","embeddable":true,"href":"https:\/\/portalr3.online\/index.php\/wp-json\/wp\/v2\/categories?post=7094"},{"taxonomy":"post_tag","embeddable":true,"href":"https:\/\/portalr3.online\/index.php\/wp-json\/wp\/v2\/tags?post=7094"}],"curies":[{"name":"wp","href":"https:\/\/api.w.org\/{rel}","templated":true}]}}