{"id":7090,"date":"2021-05-18T09:44:58","date_gmt":"2021-05-18T12:44:58","guid":{"rendered":"https:\/\/portalnarede.com.br\/?p=7090"},"modified":"2021-05-18T09:44:58","modified_gmt":"2021-05-18T12:44:58","slug":"assista-cpi-da-pandemia-abre-sessao-e-ouve-ex-ministro-das-relacoes-exteriores-ernesto-araujo","status":"publish","type":"post","link":"https:\/\/portalr3.online\/index.php\/2021\/05\/18\/assista-cpi-da-pandemia-abre-sessao-e-ouve-ex-ministro-das-relacoes-exteriores-ernesto-araujo\/","title":{"rendered":"Assista: CPI da Pandemia abre sess\u00e3o e ouve ex-ministro das Rela\u00e7\u00f5es Exteriores Ernesto Ara\u00fajo"},"content":{"rendered":"\n<p>*Com informa\u00e7\u00f5es: CNN Brasil<\/p>\n\n\n\n<p>A\u00a0Comiss\u00e3o Parlamentar de Inqu\u00e9rito da Pandemia\u00a0abriu nesta ter\u00e7a-feira (18) sua terceira semana de depoimentos. Os senadores aprovaram rapidamente uma s\u00e9rie de requerimentos de informa\u00e7\u00f5es e de convoca\u00e7\u00e3o para a CPI. Na programa\u00e7\u00e3o de hoje o depoimento do ex-ministro das Rela\u00e7\u00f5es Exteriores\u00a0Ernesto Ara\u00fajo.\u00a0Assista no Canal Na Rede Oficial:<\/p>\n\n\n\n<figure class=\"wp-block-embed is-type-video is-provider-youtube wp-block-embed-youtube wp-embed-aspect-16-9 wp-has-aspect-ratio\"><div class=\"wp-block-embed__wrapper\">\n<iframe loading=\"lazy\" title=\"CPI DA COVID AO VIVO TV SENADO - ERNESTO ARA\u00daJO\" width=\"800\" height=\"450\" src=\"https:\/\/www.youtube.com\/embed\/SmtRpjVTDAg?feature=oembed\" frameborder=\"0\" allow=\"accelerometer; autoplay; clipboard-write; encrypted-media; gyroscope; picture-in-picture\" allowfullscreen><\/iframe>\n<\/div><\/figure>\n\n\n\n<p>Na quarta-feira (19), ser\u00e1 a vez do ex-ministro da Sa\u00fade\u00a0Eduardo Pazuello. J\u00e1 na quinta (20), prestar\u00e1 depoimento a secret\u00e1ria de Gest\u00e3o do Trabalho e Educa\u00e7\u00e3o na Sa\u00fade, Mayra Pinheiro.<\/p>\n\n\n\n<p>At\u00e9 o momento, a comiss\u00e3o j\u00e1 ouviu os ex-ministros da Sa\u00fade,\u00a0Luiz Henrique Mandetta\u00a0e\u00a0Nelson Teich, o atual chefe da pasta\u00a0Marcelo Queiroga, o diretor-presidente da Ag\u00eancia Nacional de Vigil\u00e2ncia Sanit\u00e1ria (Anvisa),\u00a0Antonio Barra Torres, o ex-secret\u00e1rio especial de Comunica\u00e7\u00e3o da Presid\u00eancia\u00a0Fabio Wajngarten\u00a0e o gerente-feral da\u00a0Pfizer\u00a0na Am\u00e9rica Latina, Carlos Murillo.<\/p>\n\n\n\n<h2 class=\"wp-block-heading\">O que esperar do depoimento<\/h2>\n\n\n\n<p>O requerimento de convoca\u00e7\u00e3o foi apresentado pelos senadores\u00a0Marcos do Val\u00a0(Podemos-ES) e\u00a0Alessandro Vieira\u00a0(Cidadania-SE), que buscam explica\u00e7\u00f5es sobre a condu\u00e7\u00e3o da diplomacia brasileira durante a crise sanit\u00e1ria provocada pela pandemia de\u00a0Covid-19.<\/p>\n\n\n\n<p>De acordo com a\u00a0<em>Ag\u00eancia Senado<\/em>, o requerimento de Marcos do Val aponta que Ara\u00fajo &#8220;executou na pol\u00edtica externa o negacionismo do presidente\u00a0Jair Bolsonaro\u00a0(sem partido) na pandemia, o que teria feito o Brasil perder um tempo precioso nas negocia\u00e7\u00f5es por vacinas e insumos para o combate \u00e0 doen\u00e7a\u201d.<\/p>\n\n\n\n<p>J\u00e1 o senador Alessandro Vieira quer obter informa\u00e7\u00f5es sobre a atua\u00e7\u00e3o da pasta em rela\u00e7\u00e3o \u00e0 aquisi\u00e7\u00e3o vacinas e insumos pelo Brasil.<\/p>\n\n\n\n<figure class=\"wp-block-image\"><img decoding=\"async\" src=\"https:\/\/medias.cnnbrasil.com.br\/ernesto-araujo-ministro-das-relacoes-exteriores.jpeg?format=JPEG&amp;image=https:\/\/mediastorage.cnnbrasil.com.br\/IMAGES\/00\/00\/00\/380_8D5F5B139165D2C2.jpg&amp;width=804&amp;height=536&amp;resize=CROP\" alt=\"Ernesto Ara\u00fajo, ministro das Rela\u00e7\u00f5es Exteriores\" title=\"Ernesto Ara\u00fajo, ministro das Rela\u00e7\u00f5es Exteriores\"\/><figcaption>O ex-ministro das Rela\u00e7\u00f5es Exteriores Ernesto Ara\u00fajo<\/figcaption><\/figure>\n\n\n\n<p>Durante a gest\u00e3o de Ara\u00fajo no\u00a0Itamaraty, o\u00a0Brasil\u00a0ficou cerca de 10 meses sem estabelecer contato com a embaixada da\u00a0China\u00a0no pa\u00eds \u2013 o rompimento de rela\u00e7\u00f5es teve in\u00edcio ap\u00f3s o deputado\u00a0Eduardo Bolsonaro (PSL-SP) criticar publicamente o pa\u00eds asi\u00e1tico\u00a0e o embaixador Yang Wanming.<\/p>\n\n\n\n<p>Na sexta-feira (14), o Minist\u00e9rio das Rela\u00e7\u00f5es Exteriores\u00a0enviou uma s\u00e9rie de documentos e of\u00edcios \u00e0 CPI da Pandemia\u00a0sobre como a pasta participou dos esfor\u00e7os do Brasil para adquirir vacinas, insumos e equipamentos para enfrentamento da Covid-19. A informa\u00e7\u00e3o \u00e9 do analista da\u00a0<strong>CNN<\/strong>, Leandro Resende.<\/p>\n\n\n\n<p><strong>(Com informa\u00e7\u00f5es de&nbsp;Renato Barcellos, da CNN, em S\u00e3o Paulo)<\/strong><\/p>\n","protected":false},"excerpt":{"rendered":"<p>*Com informa\u00e7\u00f5es: CNN Brasil A\u00a0Comiss\u00e3o Parlamentar de Inqu\u00e9rito da Pandemia\u00a0abriu nesta ter\u00e7a-feira (18) sua terceira semana de depoimentos. Os senadores<\/p>\n","protected":false},"author":1,"featured_media":7091,"comment_status":"open","ping_status":"open","sticky":false,"template":"","format":"standard","meta":{"colormag_page_container_layout":"default_layout","colormag_page_sidebar_layout":"default_layout","footnotes":""},"categories":[10],"tags":[81,82,335,494,651,652,653],"class_list":["post-7090","post","type-post","status-publish","format-standard","has-post-thumbnail","hentry","category-noticias","tag-coronavirus","tag-covid-19","tag-cpi","tag-depoimento","tag-ernesto-araujo","tag-ex-ministro","tag-relacoes-exteriores"],"aioseo_notices":[],"_links":{"self":[{"href":"https:\/\/portalr3.online\/index.php\/wp-json\/wp\/v2\/posts\/7090","targetHints":{"allow":["GET"]}}],"collection":[{"href":"https:\/\/portalr3.online\/index.php\/wp-json\/wp\/v2\/posts"}],"about":[{"href":"https:\/\/portalr3.online\/index.php\/wp-json\/wp\/v2\/types\/post"}],"author":[{"embeddable":true,"href":"https:\/\/portalr3.online\/index.php\/wp-json\/wp\/v2\/users\/1"}],"replies":[{"embeddable":true,"href":"https:\/\/portalr3.online\/index.php\/wp-json\/wp\/v2\/comments?post=7090"}],"version-history":[{"count":0,"href":"https:\/\/portalr3.online\/index.php\/wp-json\/wp\/v2\/posts\/7090\/revisions"}],"wp:featuredmedia":[{"embeddable":true,"href":"https:\/\/portalr3.online\/index.php\/wp-json\/wp\/v2\/media\/7091"}],"wp:attachment":[{"href":"https:\/\/portalr3.online\/index.php\/wp-json\/wp\/v2\/media?parent=7090"}],"wp:term":[{"taxonomy":"category","embeddable":true,"href":"https:\/\/portalr3.online\/index.php\/wp-json\/wp\/v2\/categories?post=7090"},{"taxonomy":"post_tag","embeddable":true,"href":"https:\/\/portalr3.online\/index.php\/wp-json\/wp\/v2\/tags?post=7090"}],"curies":[{"name":"wp","href":"https:\/\/api.w.org\/{rel}","templated":true}]}}