{"id":709,"date":"2021-04-25T17:22:47","date_gmt":"2021-04-25T20:22:47","guid":{"rendered":"https:\/\/redacaolivre.com\/?p=709"},"modified":"2021-04-25T17:22:47","modified_gmt":"2021-04-25T20:22:47","slug":"levy-fidelix-morre-aos-69-anos","status":"publish","type":"post","link":"https:\/\/portalr3.online\/index.php\/2021\/04\/25\/levy-fidelix-morre-aos-69-anos\/","title":{"rendered":"Levy Fidelix morre aos 69 anos"},"content":{"rendered":"\n<p>O fundador e presidente nacional do Partido Renovador Trabalhista Brasileiro (PRTB), Levy Fidelix, faleceu na noite da sexta-feira (23), em S\u00e3o Paulo, por complica\u00e7\u00f5es da Covid-19.<\/p>\n\n\n\n<p>Ex-presidenci\u00e1vel nos anos de 2014, 2010 e 1994, e ex-candidato a prefeito de S\u00e3o Paulo, Levy Fidelix atuou tamb\u00e9m como apresentador de televis\u00e3o, professor universit\u00e1rio e publicit\u00e1rio.<\/p>\n\n\n\n<p>A not\u00edcia de seu falecimento aos 69 anos foi divulgada em seu perfil oficial do Twitter.<\/p>\n\n\n\n<p>\u201c\u00c9 com profunda dor e pesar que o PRTB, por sua diretoria, comunica o falecimento do nosso L\u00edder, Fundador e Presidente Nacional Levy Fidelix, ocorrida nesta data na cidade de S\u00e3o Paulo. Descanse em paz homem do Aerotrem\u201d, disse o comunicado.<\/p>\n\n\n\n<p>Uma das pautas mais conhecidas por qual Fidelix foi a implanta\u00e7\u00e3o do Aerotrem como solu\u00e7\u00e3o para desafogar o tr\u00e2nsito nas principais capitais brasileiras.<\/p>\n\n\n\n<p>Com informa\u00e7\u00f5es:&nbsp;<a href=\"https:\/\/agenciabrasil.ebc.com.br\/geral\/noticia\/2021-04\/levy-fidelix-morre-aos-69-anos-em-sao-paulo\">Ag\u00eancia Brasil<\/a>.<\/p>\n","protected":false},"excerpt":{"rendered":"<p>O fundador e presidente nacional do Partido Renovador Trabalhista Brasileiro (PRTB), Levy Fidelix, faleceu na noite da sexta-feira (23), em<\/p>\n","protected":false},"author":1,"featured_media":710,"comment_status":"closed","ping_status":"closed","sticky":false,"template":"","format":"standard","meta":{"colormag_page_container_layout":"default_layout","colormag_page_sidebar_layout":"default_layout","footnotes":""},"categories":[3],"tags":[],"class_list":["post-709","post","type-post","status-publish","format-standard","has-post-thumbnail","hentry","category-covid-19"],"aioseo_notices":[],"_links":{"self":[{"href":"https:\/\/portalr3.online\/index.php\/wp-json\/wp\/v2\/posts\/709","targetHints":{"allow":["GET"]}}],"collection":[{"href":"https:\/\/portalr3.online\/index.php\/wp-json\/wp\/v2\/posts"}],"about":[{"href":"https:\/\/portalr3.online\/index.php\/wp-json\/wp\/v2\/types\/post"}],"author":[{"embeddable":true,"href":"https:\/\/portalr3.online\/index.php\/wp-json\/wp\/v2\/users\/1"}],"replies":[{"embeddable":true,"href":"https:\/\/portalr3.online\/index.php\/wp-json\/wp\/v2\/comments?post=709"}],"version-history":[{"count":0,"href":"https:\/\/portalr3.online\/index.php\/wp-json\/wp\/v2\/posts\/709\/revisions"}],"wp:featuredmedia":[{"embeddable":true,"href":"https:\/\/portalr3.online\/index.php\/wp-json\/wp\/v2\/media\/710"}],"wp:attachment":[{"href":"https:\/\/portalr3.online\/index.php\/wp-json\/wp\/v2\/media?parent=709"}],"wp:term":[{"taxonomy":"category","embeddable":true,"href":"https:\/\/portalr3.online\/index.php\/wp-json\/wp\/v2\/categories?post=709"},{"taxonomy":"post_tag","embeddable":true,"href":"https:\/\/portalr3.online\/index.php\/wp-json\/wp\/v2\/tags?post=709"}],"curies":[{"name":"wp","href":"https:\/\/api.w.org\/{rel}","templated":true}]}}