{"id":7083,"date":"2021-05-18T09:34:10","date_gmt":"2021-05-18T12:34:10","guid":{"rendered":"https:\/\/portalnarede.com.br\/?p=7083"},"modified":"2021-05-18T09:34:10","modified_gmt":"2021-05-18T12:34:10","slug":"trabalhadores-da-limpeza-urbana-industriais-e-construcao-civil-ja-podem-se-vacinar-contra-a-covid-19-em-maceio-veja-criterios","status":"publish","type":"post","link":"https:\/\/portalr3.online\/index.php\/2021\/05\/18\/trabalhadores-da-limpeza-urbana-industriais-e-construcao-civil-ja-podem-se-vacinar-contra-a-covid-19-em-maceio-veja-criterios\/","title":{"rendered":"Trabalhadores da limpeza urbana, industriais e constru\u00e7\u00e3o civil j\u00e1 podem se vacinar contra a Covid-19 em Macei\u00f3; veja crit\u00e9rios"},"content":{"rendered":"\n<p><em>Foto: SMS<\/em><\/p>\n\n\n\n<p><em>*Jo\u00e3o Pedro Magnani &#8211; estagi\u00e1rio sob supervis\u00e3o<\/em><\/p>\n\n\n\n<p>O prefeito JHC anunciou, na manh\u00e3 desta ter\u00e7a-feira (18), a inclus\u00e3o de dois grupos no programa de imuniza\u00e7\u00e3o da capital alagoana. Por meio de suas redes socias, o prefeito de Macei\u00f3 comunicou o in\u00edcio da vacina\u00e7\u00e3o nos trabalhadores da limpeza urbana com 18 anos ou mais e nos trabalhadores industriais e da constru\u00e7\u00e3o civil a partir de 35 anos.<\/p>\n\n\n\n<p>Ainda na publica\u00e7\u00e3o, JHC escreveu: \u201cA vacina\u00e7\u00e3o segue em ritmo acelerado. Concluiremos os grupos priorit\u00e1rios e, em&nbsp; breve, retornaremos a aplica\u00e7\u00e3o por idade. Macei\u00f3 segue avan\u00e7ando!\u201d.<\/p>\n\n\n\n<p>Para a vacina\u00e7\u00e3o, o indiv\u00edduo deve comparecer a um dos oito pontos de imuniza\u00e7\u00e3o espalhados pela capital, portando: documento com foto e CPF; comprovante de resid\u00eancia, com c\u00f3pia, e um documento que comprove a atua\u00e7\u00e3o em uma das \u00e1reas inclusas no programa. Confirma mais informa\u00e7\u00f5es no site: vacina.maceio.al.gov.br<\/p>\n\n\n\n<p>De acordo com o Vacin\u00f4metro, atualizado nessa segunda-feira (17), 306.476 mil vacinas foram aplicadas em Macei\u00f3.<\/p>\n","protected":false},"excerpt":{"rendered":"<p>Foto: SMS *Jo\u00e3o Pedro Magnani &#8211; estagi\u00e1rio sob supervis\u00e3o O prefeito JHC anunciou, na manh\u00e3 desta ter\u00e7a-feira (18), a inclus\u00e3o<\/p>\n","protected":false},"author":1,"featured_media":2770,"comment_status":"open","ping_status":"open","sticky":false,"template":"","format":"standard","meta":{"colormag_page_container_layout":"default_layout","colormag_page_sidebar_layout":"default_layout","footnotes":""},"categories":[10],"tags":[82,267,140,37],"class_list":["post-7083","post","type-post","status-publish","format-standard","has-post-thumbnail","hentry","category-noticias","tag-covid-19","tag-imunizacao","tag-jhc","tag-maceio"],"aioseo_notices":[],"_links":{"self":[{"href":"https:\/\/portalr3.online\/index.php\/wp-json\/wp\/v2\/posts\/7083","targetHints":{"allow":["GET"]}}],"collection":[{"href":"https:\/\/portalr3.online\/index.php\/wp-json\/wp\/v2\/posts"}],"about":[{"href":"https:\/\/portalr3.online\/index.php\/wp-json\/wp\/v2\/types\/post"}],"author":[{"embeddable":true,"href":"https:\/\/portalr3.online\/index.php\/wp-json\/wp\/v2\/users\/1"}],"replies":[{"embeddable":true,"href":"https:\/\/portalr3.online\/index.php\/wp-json\/wp\/v2\/comments?post=7083"}],"version-history":[{"count":0,"href":"https:\/\/portalr3.online\/index.php\/wp-json\/wp\/v2\/posts\/7083\/revisions"}],"wp:featuredmedia":[{"embeddable":true,"href":"https:\/\/portalr3.online\/index.php\/wp-json\/"}],"wp:attachment":[{"href":"https:\/\/portalr3.online\/index.php\/wp-json\/wp\/v2\/media?parent=7083"}],"wp:term":[{"taxonomy":"category","embeddable":true,"href":"https:\/\/portalr3.online\/index.php\/wp-json\/wp\/v2\/categories?post=7083"},{"taxonomy":"post_tag","embeddable":true,"href":"https:\/\/portalr3.online\/index.php\/wp-json\/wp\/v2\/tags?post=7083"}],"curies":[{"name":"wp","href":"https:\/\/api.w.org\/{rel}","templated":true}]}}