{"id":7062,"date":"2021-05-17T15:32:44","date_gmt":"2021-05-17T18:32:44","guid":{"rendered":"https:\/\/portalnarede.com.br\/?p=7062"},"modified":"2021-05-17T15:32:44","modified_gmt":"2021-05-17T18:32:44","slug":"policia-investiga-piscina-e-quarto-em-que-mc-kevin-estava-hospedado","status":"publish","type":"post","link":"https:\/\/portalr3.online\/index.php\/2021\/05\/17\/policia-investiga-piscina-e-quarto-em-que-mc-kevin-estava-hospedado\/","title":{"rendered":"Pol\u00edcia investiga piscina e quarto em que MC Kevin estava hospedado"},"content":{"rendered":"\n<p><\/p>\n\n\n\n<p>Com informa\u00e7\u00f5es: Cena Pop \/ Foto: reprodu\u00e7\u00e3o Instagram<\/p>\n\n\n\n<p>A Pol\u00edcia Civil do Rio de Janeiro est\u00e1 investigando a morte do funkeiro Mc Kevin (23), que caiu da sacada de um quarto na orla da Barra da Tijuca, na noite deste domingo (16).<\/p>\n\n\n\n<p>De acordo com a assessoria de comunica\u00e7\u00e3o da institui\u00e7\u00e3o, as equipes da 16\u00aa DP da Barra da Tijuca est\u00e3o no hotel onde Kevin estava hospedado, e est\u00e3o realizando dilig\u00eancias na piscina e no quarto em que ele estava hospedado.<\/p>\n\n\n\n<p>O objetivo \u00e9 esclarecer os fatos relacionados \u00e0 morte de Kevin. O corpo do cantor se encontra atualmente no Instituto M\u00e9dico Legal do centro do Rio, aguardando libera\u00e7\u00e3o da fam\u00edlia.<\/p>\n\n\n\n<p>Kevin Nascimento Bueno, conhecido como MC Kevin, morreu na noite deste domingo (16) ap\u00f3s sofrer um grave acidente em um hotel na orla da Barra da Tijuca, no Rio de Janeiro.<\/p>\n\n\n\n<p>A informa\u00e7\u00e3o da morte do funkeiro foi confirmada pela Secretaria de Sa\u00fade do Rio de Janeiro. Ele caiu do 5\u00ba andar do pr\u00e9dio, e foi socorrido ainda com vida, mas n\u00e3o resistiu aos ferimentos. Ele tinha 23 anos.<\/p>\n\n\n\n<p>De acordo com informa\u00e7\u00f5es prestadas pelo Corpo de Bombeiros, Kevin caiu da sacada de seu quarto no hotel por volta das 18h. Ele foi levado ao hospital Miguel Couto, na G\u00e1vea, em estado grav\u00edssimo.<\/p>\n","protected":false},"excerpt":{"rendered":"<p>Com informa\u00e7\u00f5es: Cena Pop \/ Foto: reprodu\u00e7\u00e3o Instagram A Pol\u00edcia Civil do Rio de Janeiro est\u00e1 investigando a morte do<\/p>\n","protected":false},"author":1,"featured_media":7063,"comment_status":"open","ping_status":"open","sticky":false,"template":"","format":"standard","meta":{"colormag_page_container_layout":"default_layout","colormag_page_sidebar_layout":"default_layout","footnotes":""},"categories":[129],"tags":[634,433,635,207,615,636],"class_list":["post-7062","post","type-post","status-publish","format-standard","has-post-thumbnail","hentry","category-estilo","tag-cantor","tag-investigacao","tag-mc-kevin","tag-morte","tag-policia","tag-rio-de-janeiro"],"aioseo_notices":[],"_links":{"self":[{"href":"https:\/\/portalr3.online\/index.php\/wp-json\/wp\/v2\/posts\/7062","targetHints":{"allow":["GET"]}}],"collection":[{"href":"https:\/\/portalr3.online\/index.php\/wp-json\/wp\/v2\/posts"}],"about":[{"href":"https:\/\/portalr3.online\/index.php\/wp-json\/wp\/v2\/types\/post"}],"author":[{"embeddable":true,"href":"https:\/\/portalr3.online\/index.php\/wp-json\/wp\/v2\/users\/1"}],"replies":[{"embeddable":true,"href":"https:\/\/portalr3.online\/index.php\/wp-json\/wp\/v2\/comments?post=7062"}],"version-history":[{"count":0,"href":"https:\/\/portalr3.online\/index.php\/wp-json\/wp\/v2\/posts\/7062\/revisions"}],"wp:featuredmedia":[{"embeddable":true,"href":"https:\/\/portalr3.online\/index.php\/wp-json\/wp\/v2\/media\/7063"}],"wp:attachment":[{"href":"https:\/\/portalr3.online\/index.php\/wp-json\/wp\/v2\/media?parent=7062"}],"wp:term":[{"taxonomy":"category","embeddable":true,"href":"https:\/\/portalr3.online\/index.php\/wp-json\/wp\/v2\/categories?post=7062"},{"taxonomy":"post_tag","embeddable":true,"href":"https:\/\/portalr3.online\/index.php\/wp-json\/wp\/v2\/tags?post=7062"}],"curies":[{"name":"wp","href":"https:\/\/api.w.org\/{rel}","templated":true}]}}