{"id":706,"date":"2021-04-22T21:43:09","date_gmt":"2021-04-23T00:43:09","guid":{"rendered":"https:\/\/redacaolivre.com\/?p=706"},"modified":"2021-04-22T21:43:09","modified_gmt":"2021-04-23T00:43:09","slug":"mae-de-mulher-que-espancou-enteada-de-6-anos-diz-que-nao-denunciou-a-filha-porque-era-ameacada","status":"publish","type":"post","link":"https:\/\/portalr3.online\/index.php\/2021\/04\/22\/mae-de-mulher-que-espancou-enteada-de-6-anos-diz-que-nao-denunciou-a-filha-porque-era-ameacada\/","title":{"rendered":"M\u00e3e de mulher que espancou enteada de 6 anos diz que n\u00e3o denunciou a filha porque era amea\u00e7ada"},"content":{"rendered":"\n<p>A m\u00e3e da mulher que espancou a enteada de 6 anos, em Porto Real, no Sul do Rio, afirma que n\u00e3o denunciou a filha porque era amea\u00e7ada. A declara\u00e7\u00e3o foi dada em entrevista exclusiva \u00e0&nbsp;<strong>BandNews FM<\/strong>. Ros\u00e2ngela Nunes contou que j\u00e1 chegou a ser agredida pela filha, Brena Luane.<\/p>\n\n\n\n<p>Ela revelou ainda que tentou avisar \u00e0 nora, Gilmara Oliveira de Farias, que Brena n\u00e3o gostava de crian\u00e7as, e que a menina de 6 anos corria riscos.<\/p>\n\n\n\n<p>A Justi\u00e7a do Rio decretou a pris\u00e3o preventiva do casal. A decis\u00e3o foi expedida pelo juiz Marco Aur\u00e9lio da Silva Adania, durante audi\u00eancia de cust\u00f3dia realizada na quarta-feira (21).<\/p>\n\n\n\n<p>O magistrado levou em considera\u00e7\u00e3o a gravidade das les\u00f5es encontradas na pequena Ketelen Vit\u00f3ria Oliveira da Rocha, que apresenta &#8220;hemorragia intracraniana e s\u00e9rio risco de vir a \u00f3bito ou permanecer em estado vegetativo&#8221;. A menina est\u00e1 em coma, em um hospital de Resende, munic\u00edpio vizinho, e tem quadro de sa\u00fade considerado grave, mas est\u00e1vel. Ros\u00e2ngela Nunes j\u00e1 prestou depoimento \u00e0 Pol\u00edcia Civil, e apesar de relatar as amea\u00e7as que sofria foi autuada por omiss\u00e3o de socorro, j\u00e1 que presenciava as agress\u00f5es contra a crian\u00e7a.<\/p>\n\n\n\n<p>Ketelen foi espancada por tr\u00eas dias consecutivos pela madrasta. Ela tamb\u00e9m chegou a ser agredida pela pr\u00f3pria m\u00e3e, segundo os investigadores. Na segunda-feira passada (19), a menina precisou ser intubada depois de uma sess\u00e3o de tortura com socos, pontap\u00e9s e golpes com um fio de televis\u00e3o, ap\u00f3s ter deixado um copo de leite cair no ch\u00e3o. No mesmo dia, Ketelen foi empurrada contra a parede e foi jogada em um barranco de 7 metros de altura. Ela foi socorrida ap\u00f3s Ros\u00e2ngela Nunes acionar o SAMU.<\/p>\n\n\n\n<p>No hospital, a m\u00e3e e a madrasta alegaram que uma madeira havia ca\u00eddo na cabe\u00e7a de Ketelen, e que a menina teria &#8220;ficado estranha&#8221;. No entanto, os m\u00e9dicos constataram que as les\u00f5es eram caracter\u00edsticas de agress\u00f5es. A Pol\u00edcia Militar foi acionada, e prendeu as mulheres em flagrante. Na delegacia, elas confessaram os crimes. A madrasta, Brena Luane, tem outras anota\u00e7\u00f5es criminais por crimes da mesma natureza.<\/p>\n\n\n\n<p>Gilmara contou em depoimento que conheceu Brena Luane em uma rede social em outubro de 2019, e que, depois de nove meses foi morar na casa dela, em Porto Real. A m\u00e3e de Ketelen disse aos policiais em depoimento que, no m\u00eas seguinte, Brena mudou o comportamento e ficou agressiva. Ela diz que n\u00e3o denunciou a companheira por medo, e que chegou a ser agredida.<\/p>\n\n\n\n<p>Gilmara percebeu ainda que a namorada come\u00e7ou a sentir ci\u00fames da crian\u00e7a, alegando que recebia menos aten\u00e7\u00e3o do que Ketelen. A m\u00e3e da crian\u00e7a disse ainda que todas as agress\u00f5es foram flagradas pela sogra, Ros\u00e2ngela Nunes, que mora com o casal. Gilmara tamb\u00e9m contou aos investigadores que Ketelen vinha se alimentando h\u00e1 um m\u00eas por apenas uma ou duas vezes por dia, por decis\u00e3o de Brena Luane, e que por isso a crian\u00e7a estava emagrecendo e ficando fraca.<\/p>\n\n\n\n<p>Em depoimento, Brena Luane confessou as agress\u00f5es, e disse que o relacionamento com a Gilmara era conturbado. Brena disse que a namorada sempre agride a filha, e que em algumas ocasi\u00f5es, Gilmara proibia a crian\u00e7a de comer e ir ao banheiro.<\/p>\n\n\n\n<p>Na quarta-feira (21), o Minist\u00e9rio P\u00fablico do Rio pediu \u00e0 Justi\u00e7a o retorno do inqu\u00e9rito \u00e0 delegacia respons\u00e1vel pelo caso, para realiza\u00e7\u00e3o de per\u00edcia no im\u00f3vel onde ocorreram as agress\u00f5es e no barranco onde a menina foi jogada.<\/p>\n\n\n\n<p>Fonte: <em><strong>BandNews FM<\/strong><\/em><\/p>\n","protected":false},"excerpt":{"rendered":"<p>A m\u00e3e da mulher que espancou a enteada de 6 anos, em Porto Real, no Sul do Rio, afirma que<\/p>\n","protected":false},"author":1,"featured_media":707,"comment_status":"closed","ping_status":"closed","sticky":false,"template":"","format":"standard","meta":{"colormag_page_container_layout":"default_layout","colormag_page_sidebar_layout":"default_layout","footnotes":""},"categories":[33],"tags":[],"class_list":["post-706","post","type-post","status-publish","format-standard","has-post-thumbnail","hentry","category-justica"],"aioseo_notices":[],"_links":{"self":[{"href":"https:\/\/portalr3.online\/index.php\/wp-json\/wp\/v2\/posts\/706","targetHints":{"allow":["GET"]}}],"collection":[{"href":"https:\/\/portalr3.online\/index.php\/wp-json\/wp\/v2\/posts"}],"about":[{"href":"https:\/\/portalr3.online\/index.php\/wp-json\/wp\/v2\/types\/post"}],"author":[{"embeddable":true,"href":"https:\/\/portalr3.online\/index.php\/wp-json\/wp\/v2\/users\/1"}],"replies":[{"embeddable":true,"href":"https:\/\/portalr3.online\/index.php\/wp-json\/wp\/v2\/comments?post=706"}],"version-history":[{"count":0,"href":"https:\/\/portalr3.online\/index.php\/wp-json\/wp\/v2\/posts\/706\/revisions"}],"wp:featuredmedia":[{"embeddable":true,"href":"https:\/\/portalr3.online\/index.php\/wp-json\/wp\/v2\/media\/707"}],"wp:attachment":[{"href":"https:\/\/portalr3.online\/index.php\/wp-json\/wp\/v2\/media?parent=706"}],"wp:term":[{"taxonomy":"category","embeddable":true,"href":"https:\/\/portalr3.online\/index.php\/wp-json\/wp\/v2\/categories?post=706"},{"taxonomy":"post_tag","embeddable":true,"href":"https:\/\/portalr3.online\/index.php\/wp-json\/wp\/v2\/tags?post=706"}],"curies":[{"name":"wp","href":"https:\/\/api.w.org\/{rel}","templated":true}]}}