{"id":7053,"date":"2021-05-17T14:54:48","date_gmt":"2021-05-17T17:54:48","guid":{"rendered":"https:\/\/portalnarede.com.br\/?p=7053"},"modified":"2021-05-17T14:54:48","modified_gmt":"2021-05-17T17:54:48","slug":"sasha-meneghel-se-casa-com-vestido-de-8-mil-reais-e-all-star","status":"publish","type":"post","link":"https:\/\/portalr3.online\/index.php\/2021\/05\/17\/sasha-meneghel-se-casa-com-vestido-de-8-mil-reais-e-all-star\/","title":{"rendered":"Sasha Meneghel se casa com vestido de 8 mil reais e All Star!"},"content":{"rendered":"\n<p><\/p>\n\n\n\n<p>Com informa\u00e7\u00f5es: Terra \/ Foto: Reprodu\u00e7\u00e3o Instagram<\/p>\n\n\n\n<p><\/p>\n\n\n\n<p>Sasha Meneghel \u00e9 uma mulher casada! A modelo e design de moda, de 22 anos, disse sim para o m\u00fasico gospel, Jo\u00e3o Figueiredo, de 21, em uma cerim\u00f4nia simples que aconteceu na sexta-feira, dia 14 de maio.<\/p>\n\n\n\n<p>Em seu Instagram, a herdeira de Xuxa anunciou o acontecimento atrav\u00e9s de uma declara\u00e7\u00e3o ao marido. &#8220;Me casei com meu melhor amigo. Vou passar o resto da minha vida sorrindo do seu lado. Prometo amar e cuidar de voc\u00ea para sempre (em tradu\u00e7\u00e3o livre para o portugu\u00eas)&#8221;, ela escreveu e ainda assinou como Sasha Meneghel Szafir Figueiredo, incluindo o novo sobrenome.<\/p>\n\n\n\n<p>Mas al\u00e9m de surpreender a todos com o cas\u00f3rio, Sasha quebrou muitos padr\u00f5es ao apostar em um look leve, moderno e despojado para a ocasi\u00e3o: vestido midi e t\u00eanis.<\/p>\n\n\n\n<p>No entanto, vamos com calma! O modelo de alcinhas, babados e po\u00e1s, \u00e9 da grife australiana Zimmermann e foi avaliado em cerca de 8.341 reais, de acordo com a revista Vogue.<\/p>\n\n\n\n<p>J\u00e1 nos p\u00e9s, a filha da Rainha dos Baixinhos, amante assumida dos t\u00eanis, acertou em cheio ao usar uma pe\u00e7a super coringa: o cl\u00e1ssico Chuck Taylor All Star, branco e de cano alto, da marca norte-americana Converse.<\/p>\n\n\n\n<p>Agora, a d\u00favida que fica \u00e9: ser\u00e1 que Sasha lan\u00e7ou uma nova tend\u00eancia entre as noivas? Com certeza vamos ficar de olho!<\/p>\n\n\n\n<p>Assumidamente juntos desde abril de 2020, Sasha e Jo\u00e3o Figueiredo ficaram noivos no in\u00edcio de novembro do mesmo ano. Na \u00faltima sexta, oficializaram a uni\u00e3o no civil e compartilharam a novidade com os f\u00e3s em suas redes sociais.<\/p>\n","protected":false},"excerpt":{"rendered":"<p>Com informa\u00e7\u00f5es: Terra \/ Foto: Reprodu\u00e7\u00e3o Instagram Sasha Meneghel \u00e9 uma mulher casada! A modelo e design de moda, de<\/p>\n","protected":false},"author":1,"featured_media":7056,"comment_status":"open","ping_status":"open","sticky":false,"template":"","format":"standard","meta":{"colormag_page_container_layout":"default_layout","colormag_page_sidebar_layout":"default_layout","footnotes":""},"categories":[129],"tags":[343,624,625,626,627,628],"class_list":["post-7053","post","type-post","status-publish","format-standard","has-post-thumbnail","hentry","category-estilo","tag-casamento","tag-design","tag-luciano-szafir","tag-modelo","tag-sasha-meneghel","tag-xuxa-meneghel"],"aioseo_notices":[],"_links":{"self":[{"href":"https:\/\/portalr3.online\/index.php\/wp-json\/wp\/v2\/posts\/7053","targetHints":{"allow":["GET"]}}],"collection":[{"href":"https:\/\/portalr3.online\/index.php\/wp-json\/wp\/v2\/posts"}],"about":[{"href":"https:\/\/portalr3.online\/index.php\/wp-json\/wp\/v2\/types\/post"}],"author":[{"embeddable":true,"href":"https:\/\/portalr3.online\/index.php\/wp-json\/wp\/v2\/users\/1"}],"replies":[{"embeddable":true,"href":"https:\/\/portalr3.online\/index.php\/wp-json\/wp\/v2\/comments?post=7053"}],"version-history":[{"count":0,"href":"https:\/\/portalr3.online\/index.php\/wp-json\/wp\/v2\/posts\/7053\/revisions"}],"wp:featuredmedia":[{"embeddable":true,"href":"https:\/\/portalr3.online\/index.php\/wp-json\/wp\/v2\/media\/7056"}],"wp:attachment":[{"href":"https:\/\/portalr3.online\/index.php\/wp-json\/wp\/v2\/media?parent=7053"}],"wp:term":[{"taxonomy":"category","embeddable":true,"href":"https:\/\/portalr3.online\/index.php\/wp-json\/wp\/v2\/categories?post=7053"},{"taxonomy":"post_tag","embeddable":true,"href":"https:\/\/portalr3.online\/index.php\/wp-json\/wp\/v2\/tags?post=7053"}],"curies":[{"name":"wp","href":"https:\/\/api.w.org\/{rel}","templated":true}]}}